{"id":32508,"date":"2026-05-03T10:01:43","date_gmt":"2026-05-03T08:01:43","guid":{"rendered":"https:\/\/www.tuttiisensi.de\/?p=32508"},"modified":"2026-04-25T10:10:50","modified_gmt":"2026-04-25T08:10:50","slug":"avocado-im-alltag-naehrstoffreiche-loesung-fuer-schnelle-mahlzeiten","status":"publish","type":"post","link":"https:\/\/www.tuttiisensi.de\/?p=32508","title":{"rendered":"Avocado im Alltag: N\u00e4hrstoffreiche L\u00f6sung f\u00fcr schnelle Mahlzeiten"},"content":{"rendered":"\n<p>Der steigende Zeitdruck im Alltag ver\u00e4ndert die Essgewohnheiten vieler Menschen in Deutschland sp\u00fcrbar. Immer h\u00e4ufiger werden Mahlzeiten bevorzugt, die sich schnell zubereiten lassen und gleichzeitig ern\u00e4hrungsphysiologisch \u00fcberzeugen. Dabei r\u00fcckt die Kombination aus Effizienz und N\u00e4hrstoffdichte st\u00e4rker in den Fokus. Aktuelle Erkenntnisse zeigen, dass insbesondere einfache, pflanzenbasierte Zutaten an Bedeutung gewinnen. Vor diesem Hintergrund etabliert sich die Avocado zunehmend als feste Gr\u00f6\u00dfe in modernen Ern\u00e4hrungskonzepten.<\/p>\n\n\n\n<figure class=\"wp-block-image size-full\"><a href=\"https:\/\/www.tuttiisensi.de\/wp-content\/uploads\/2026\/05\/IMG_1687.jpeg\"><img loading=\"lazy\" decoding=\"async\" width=\"540\" height=\"305\" src=\"https:\/\/www.tuttiisensi.de\/wp-content\/uploads\/2026\/05\/IMG_1687.jpeg\" alt=\"\" class=\"wp-image-32511\" srcset=\"https:\/\/www.tuttiisensi.de\/wp-content\/uploads\/2026\/05\/IMG_1687.jpeg 540w, https:\/\/www.tuttiisensi.de\/wp-content\/uploads\/2026\/05\/IMG_1687-300x169.jpeg 300w\" sizes=\"auto, (max-width: 540px) 100vw, 540px\" \/><\/a><figcaption class=\"wp-element-caption\">Spaghetti mit cremiger Avocado-Creme &#8211; Quelle: World Avocado Organisation <\/figcaption><\/figure>\n\n\n\n<p>Angesichts wachsender Anforderungen im Berufs- und Privatleben suchen Verbraucher nach L\u00f6sungen, die sich unkompliziert in ihren Tagesablauf integrieren lassen. Neue Daten der World Avocado Organisation (WAO) verdeutlichen, dass leichte und zugleich n\u00e4hrstoffreiche Gerichte eine immer wichtigere Rolle spielen. Sie bieten eine praktikable Antwort auf den Bedarf nach schneller Verf\u00fcgbarkeit und ausgewogener Ern\u00e4hrung \u2013 insbesondere f\u00fcr Menschen mit wenig Zeit.<\/p>\n\n\n\n<p>Die Avocado gilt dabei l\u00e4ngst nicht mehr nur als Trendprodukt. Neben ihrer cremigen Konsistenz und dem milden Geschmack zeichnet sie sich durch ein g\u00fcnstiges N\u00e4hrstoffprofil aus. Sie enth\u00e4lt von Natur aus einfach unges\u00e4ttigte Fetts\u00e4uren, Ballaststoffe, Folat sowie Kalium. Diese Kombination kann zu einem l\u00e4nger anhaltenden S\u00e4ttigungsgef\u00fchl beitragen und unterst\u00fctzt eine gleichm\u00e4\u00dfige Energieversorgung \u00fcber den Tag hinweg.<\/p>\n\n\n\n<p>Ern\u00e4hrungsexpertInnen betonen zudem die praktische Komponente: Die Frucht l\u00e4sst sich ohne gro\u00dfen Aufwand in unterschiedlichste Gerichte integrieren. Gerade in stressigen Phasen kann sie eine unkomplizierte M\u00f6glichkeit bieten, Mahlzeiten aufzuwerten, ohne zus\u00e4tzlichen Zeitaufwand zu verursachen. Damit erf\u00fcllt sie zentrale Anforderungen moderner Ern\u00e4hrungsweisen.<\/p>\n\n\n\n<p>Diese Entwicklung spiegelt sich auch im Konsumverhalten wider. Studien zufolge messen rund 90 Prozent der deutschen Verbraucher einer gesunden Ern\u00e4hrung eine hohe Bedeutung bei. Gleichzeitig legen 57 Prozent zunehmend Wert auf eine schnelle und einfache Zubereitung. Parallel dazu geben 71 Prozent an, t\u00e4glich Obst und Gem\u00fcse zu konsumieren \u2013 ein klares Indiz f\u00fcr die anhaltende Relevanz pflanzenbasierter Lebensmittel.<\/p>\n\n\n\n<p>Neben ihren ern\u00e4hrungsphysiologischen Eigenschaften \u00fcberzeugt die Avocado auch durch ihre kulinarische Vielseitigkeit. Sie kann klassische Zutaten wie Butter oder Sahne ersetzen und tr\u00e4gt so dazu bei, den Anteil ges\u00e4ttigter Fetts\u00e4uren zu reduzieren. Gleichzeitig bleibt die gew\u00fcnschte cremige Konsistenz erhalten \u2013 sowohl in s\u00fc\u00dfen als auch in herzhaften Anwendungen.<\/p>\n\n\n\n<p>Auch in der Gastronomie und bei der Rezeptentwicklung zeigt sich ein wachsendes Interesse an innovativen Einsatzm\u00f6glichkeiten. Ob gegrillt, p\u00fcriert in Suppen oder verarbeitet in pflanzenbasierten Getr\u00e4nken \u2013 die Bandbreite der Verwendung erweitert sich kontinuierlich. Diese Flexibilit\u00e4t macht die Avocado zu einem funktionalen Bestandteil einer zeitgem\u00e4\u00dfen K\u00fcche.<\/p>\n\n\n\n<p>Die Integration in allt\u00e4gliche Mahlzeiten erm\u00f6glicht es, selbst einfache Gerichte aufzuwerten und bewusster zu gestalten. Gleichzeitig unterst\u00fctzt sie eine konstante Energiezufuhr und kann so zur Leistungsf\u00e4higkeit im Alltag beitragen. Vor dem Hintergrund steigender Anforderungen an Ern\u00e4hrung und Zeitmanagement positioniert sich die Avocado als vielseitige und praktikable Option f\u00fcr eine ausgewogene Ern\u00e4hrung.<\/p>\n\n\n\n<p>Probieren Sie doch einmal eines der folgenden Rezepte aus:<\/p>\n\n\n\n<p>Sunny Avocado Toast (5 Minuten)<\/p>\n\n\n\n<p>Portionen:&nbsp;F\u00fcr 2 Personen<\/p>\n\n\n\n<p>Zutaten:<\/p>\n\n\n\n<ul class=\"wp-block-list\">\n<li>1 Avocado<\/li>\n\n\n\n<li>100 g zerbr\u00f6selter Feta<\/li>\n\n\n\n<li>2 Freilandeier<\/li>\n\n\n\n<li>2 dicke Scheiben Vollkornbrot<\/li>\n\n\n\n<li>Meersalz und Pfeffer<\/li>\n<\/ul>\n\n\n\n<p>Topping (optional):&nbsp;Brunnenkresse<\/p>\n\n\n\n<p>Zum Garnieren (optional):&nbsp;zersto\u00dfene rote Chiliflocken<\/p>\n\n\n\n<p>F\u00fcr das Ingwer-Zitronen-\u00d6l:<\/p>\n\n\n\n<ul class=\"wp-block-list\">\n<li>4 Essl\u00f6ffel natives Oliven\u00f6l extra<\/li>\n\n\n\n<li>1 Essl\u00f6ffel geriebener Ingwer<\/li>\n\n\n\n<li>1 Essl\u00f6ffel Zitronenabrieb<\/li>\n\n\n\n<li>1 Essl\u00f6ffel Zitronensaft<\/li>\n<\/ul>\n\n\n\n<p>Zubereitung:<\/p>\n\n\n\n<ol class=\"wp-block-list\">\n<li>Alle Zutaten f\u00fcr das Ingwer-Zitronen-\u00d6l in einer kleinen Sch\u00fcssel vermengen und beiseitestellen.<\/li>\n\n\n\n<li>Einen kleinen Topf mit Wasser bei mittlerer Hitze zum Kochen bringen. W\u00e4hrenddessen die Avocado halbieren, Kern und Schale entfernen und das Fruchtfleisch zusammen mit \u00be des Fetas in einer kleinen Sch\u00fcssel zerdr\u00fccken.<\/li>\n\n\n\n<li>Sobald das Wasser kocht, die Eier vorsichtig hineingeben. F\u00fcr ein weiches Eigelb 5 Minuten k\u00f6cheln lassen, f\u00fcr ein festes Eigelb etwa 8 Minuten. In der Zwischenzeit das Brot toasten.<\/li>\n\n\n\n<li>Die fertigen Eier herausnehmen, unter kaltem Wasser abschrecken, sch\u00e4len und halbieren.<\/li>\n\n\n\n<li>Die Avocado-Feta-Mischung auf dem warmen Toast verteilen und mit den halbierten Eiern belegen.<\/li>\n\n\n\n<li>Das \u00d6l durch ein Sieb gie\u00dfen, um Ingwer und Zitronenschale zu entfernen, und anschlie\u00dfend nach Geschmack \u00fcber das Brot tr\u00e4ufeln. Mit dem restlichen Feta bestreuen und \u2013 falls gew\u00fcnscht \u2013 mit Chiliflocken und Brunnenkresse garnieren. Mit Salz und Pfeffer abschmecken und mit etwas zus\u00e4tzlichem \u00d6l servieren.<\/li>\n<\/ol>\n\n\n\n<p>Spaghetti mit cremiger Avocado-Sauce und Parmesan (15 Minuten)<\/p>\n\n\n\n<p>Portionen:&nbsp;F\u00fcr 4 Personen<\/p>\n\n\n\n<p>Zutaten:<\/p>\n\n\n\n<ul class=\"wp-block-list\">\n<li>400 g Spaghetti<\/li>\n\n\n\n<li>2 reife Avocados<\/li>\n\n\n\n<li>1 Knoblauchzehe<\/li>\n\n\n\n<li>2 Zweige Basilikum<\/li>\n\n\n\n<li>25 g Parmesan<\/li>\n<\/ul>\n\n\n\n<p>Zubereitung:<\/p>\n\n\n\n<ol class=\"wp-block-list\">\n<li>Die Spaghetti nach Packungsanweisung al dente kochen.<\/li>\n\n\n\n<li>In der Zwischenzeit die Avocados halbieren, den Kern entfernen und die Schale abziehen. Das Fruchtfleisch in St\u00fccke schneiden und zusammen mit dem Knoblauch in einen hohen Messbecher geben.<\/li>\n\n\n\n<li>Die Spaghetti abgie\u00dfen und zur\u00fcck in den Topf geben, dabei eine gro\u00dfz\u00fcgige Tasse des Kochwassers auffangen. Mit einem Stabmixer die Avocado zusammen mit etwas Kochwasser zu einer glatten, cremigen Sauce p\u00fcrieren.<\/li>\n\n\n\n<li>Die Avocado-Sauce mit den Spaghetti vermengen. Mit Salz und Pfeffer abschmecken. Die Spaghetti auf 4 Teller verteilen, den Parmesan dar\u00fcber reiben und mit zus\u00e4tzlichem Basilikum garnieren.<\/li>\n<\/ol>\n\n\n\n<p><\/p>\n","protected":false},"excerpt":{"rendered":"<p>Der steigende Zeitdruck im Alltag ver\u00e4ndert die Essgewohnheiten vieler Menschen in Deutschland sp\u00fcrbar. Immer h\u00e4ufiger werden Mahlzeiten bevorzugt, die sich schnell zubereiten lassen und gleichzeitig ern\u00e4hrungsphysiologisch \u00fcberzeugen. Dabei r\u00fcckt die Kombination aus Effizienz und N\u00e4hrstoffdichte st\u00e4rker in den Fokus. Aktuelle Erkenntnisse zeigen, dass insbesondere einfache, pflanzenbasierte Zutaten an Bedeutung gewinnen. Vor diesem Hintergrund etabliert sich die Avocado zunehmend als feste Gr\u00f6\u00dfe in modernen Ern\u00e4hrungskonzepten.<\/p>\n","protected":false},"author":1,"featured_media":32509,"comment_status":"closed","ping_status":"closed","sticky":false,"template":"","format":"standard","meta":{"colormag_page_container_layout":"default_layout","colormag_page_sidebar_layout":"default_layout","_jetpack_memberships_contains_paid_content":false,"footnotes":""},"categories":[1872],"tags":[19858,6214,1837,19501,19857],"class_list":["post-32508","post","type-post","status-publish","format-standard","has-post-thumbnail","hentry","category-rezepte","tag-alltagsernaehrung","tag-avocado","tag-ernahrung","tag-foodtrends","tag-gesundekueche"],"jetpack_featured_media_url":"https:\/\/www.tuttiisensi.de\/wp-content\/uploads\/2026\/04\/IMG_1688.jpeg","jetpack_sharing_enabled":true,"_links":{"self":[{"href":"https:\/\/www.tuttiisensi.de\/index.php?rest_route=\/wp\/v2\/posts\/32508","targetHints":{"allow":["GET"]}}],"collection":[{"href":"https:\/\/www.tuttiisensi.de\/index.php?rest_route=\/wp\/v2\/posts"}],"about":[{"href":"https:\/\/www.tuttiisensi.de\/index.php?rest_route=\/wp\/v2\/types\/post"}],"author":[{"embeddable":true,"href":"https:\/\/www.tuttiisensi.de\/index.php?rest_route=\/wp\/v2\/users\/1"}],"replies":[{"embeddable":true,"href":"https:\/\/www.tuttiisensi.de\/index.php?rest_route=%2Fwp%2Fv2%2Fcomments&post=32508"}],"version-history":[{"count":2,"href":"https:\/\/www.tuttiisensi.de\/index.php?rest_route=\/wp\/v2\/posts\/32508\/revisions"}],"predecessor-version":[{"id":32512,"href":"https:\/\/www.tuttiisensi.de\/index.php?rest_route=\/wp\/v2\/posts\/32508\/revisions\/32512"}],"wp:featuredmedia":[{"embeddable":true,"href":"https:\/\/www.tuttiisensi.de\/index.php?rest_route=\/wp\/v2\/media\/32509"}],"wp:attachment":[{"href":"https:\/\/www.tuttiisensi.de\/index.php?rest_route=%2Fwp%2Fv2%2Fmedia&parent=32508"}],"wp:term":[{"taxonomy":"category","embeddable":true,"href":"https:\/\/www.tuttiisensi.de\/index.php?rest_route=%2Fwp%2Fv2%2Fcategories&post=32508"},{"taxonomy":"post_tag","embeddable":true,"href":"https:\/\/www.tuttiisensi.de\/index.php?rest_route=%2Fwp%2Fv2%2Ftags&post=32508"}],"curies":[{"name":"wp","href":"https:\/\/api.w.org\/{rel}","templated":true}]}}