{"id":32495,"date":"2026-05-01T08:37:34","date_gmt":"2026-05-01T06:37:34","guid":{"rendered":"https:\/\/www.tuttiisensi.de\/?p=32495"},"modified":"2026-04-22T08:42:59","modified_gmt":"2026-04-22T06:42:59","slug":"miele-denkt-die-kueche-neu-flexibel-vernetzt-alltagsnah","status":"publish","type":"post","link":"https:\/\/www.tuttiisensi.de\/?p=32495","title":{"rendered":"Miele denkt die K\u00fcche neu: Flexibel, vernetzt, alltagsnah"},"content":{"rendered":"\n<p>Die K\u00fcche ver\u00e4ndert sich \u2013 weg vom statischen Raum hin zu einem dynamischen Mittelpunkt des Alltags. Neue Wohnkonzepte, ver\u00e4nderte Routinen und technologische Innovationen treiben diese Entwicklung voran. Gleichzeitig w\u00e4chst der Anspruch an Funktionalit\u00e4t, Design und intuitive Bedienung. Hersteller reagieren darauf mit neuen Konzepten, die \u00fcber klassische Produktl\u00f6sungen hinausgehen. Auch Miele greift diesen Wandel auf und pr\u00e4sentiert zur Milan Design Week 2026 eine vision\u00e4re Idee f\u00fcr die K\u00fcche der Zukunft.<\/p>\n\n\n\n<figure class=\"wp-block-image size-large\"><a href=\"https:\/\/www.tuttiisensi.de\/wp-content\/uploads\/2026\/04\/Miele.webp\"><img loading=\"lazy\" decoding=\"async\" width=\"1024\" height=\"576\" src=\"https:\/\/www.tuttiisensi.de\/wp-content\/uploads\/2026\/04\/Miele-1024x576.webp\" alt=\"\" class=\"wp-image-32496\" srcset=\"https:\/\/www.tuttiisensi.de\/wp-content\/uploads\/2026\/04\/Miele-1024x576.webp 1024w, https:\/\/www.tuttiisensi.de\/wp-content\/uploads\/2026\/04\/Miele-300x169.webp 300w, https:\/\/www.tuttiisensi.de\/wp-content\/uploads\/2026\/04\/Miele-768x432.webp 768w, https:\/\/www.tuttiisensi.de\/wp-content\/uploads\/2026\/04\/Miele.webp 1200w\" sizes=\"auto, (max-width: 1024px) 100vw, 1024px\" \/><\/a><figcaption class=\"wp-element-caption\">Mit \u201eMiele Compact Living: Kitchen Unit powered by Hettich\u201c<br>zeigt Miele eine Designstudie f\u00fcr hochfunktionale und flexible<br>K\u00fcchenl\u00f6sungen \u2013 selbst auf kleinstem Raum. Durch die Verbindung<br>von Ger\u00e4ten mit flexiblen M\u00f6belsystemen reagiert das Konzept auf die<br>steigenden Anforderungen an effizientes urbanes Wohnen, ohne<br>Abstriche bei Leistung und Design.  Quelle: Miele<\/figcaption><\/figure>\n\n\n\n<p>Mit \u201eDesigned to Move with You\u201c stellt die Miele eine neue Interpretation der K\u00fcche als flexiblen, vernetzten Lebensraum vor. Im Mittelpunkt steht ein Konzept, das sich an den Rhythmus seiner NutzerInnen anpasst und sich nahtlos in unterschiedliche Alltagssituationen integriert. Pr\u00e4sentiert wird diese Vision sowohl auf der EuroCucina als auch im Miele Experience Center im Brera Design District.<\/p>\n\n\n\n<p>Der Messeauftritt verzichtet bewusst auf eine klassische Produktinszenierung. Stattdessen schafft Miele eine immersive Umgebung mit offenen Raumstrukturen, minimalistischer Architektur und gezielt eingesetzten Lichtkonzepten. Digitale Oberfl\u00e4chen erg\u00e4nzen die physischen Elemente und lassen beide Ebenen miteinander verschmelzen. Ger\u00e4te werden dabei nicht isoliert pr\u00e4sentiert, sondern in realit\u00e4tsnahe Nutzungsszenarien eingebettet, die das Zusammenspiel von Technologie und Design im Alltag erlebbar machen.<\/p>\n\n\n\n<p>Ein zentraler Bestandteil der Pr\u00e4sentation ist die neue Induktionskochfeld-Serie KM 8000 in Kombination mit dem M Sense-Kochgeschirr. Das System nutzt integrierte Temperatursensoren, um Hitze und Leistung automatisch zu regulieren. Dadurch wird der Kochprozess pr\u00e4ziser gesteuert, w\u00e4hrend gleichzeitig der manuelle Aufwand reduziert wird. Erg\u00e4nzt wird das Konzept durch digitale Assistenzfunktionen wie CulinaryCoach sowie weitere Innovationen, etwa eine integrierte Dampfgarschublade.<\/p>\n\n\n\n<p>Parallel dazu zeigt Miele im Experience Center eine Designstudie f\u00fcr kompakte Wohnr\u00e4ume: \u201eMiele Compact Living: Kitchen Unit powered by Hettich\u201c. Diese L\u00f6sung adressiert insbesondere urbane Lebensr\u00e4ume mit begrenzter Fl\u00e4che und kombiniert platzsparendes M\u00f6beldesign mit vernetzter K\u00fcchentechnologie. Ziel ist es, auch auf kleinem Raum eine vollwertige, flexible K\u00fcchenumgebung zu schaffen.<\/p>\n\n\n\n<p><a href=\"https:\/\/www.miele.de\/cs\/kueche-56\">Miele K\u00fcchenger\u00e4te | Eine K\u00fcche, an der Sie ein Leben lang Freude haben werden | Miele<\/a><\/p>\n","protected":false},"excerpt":{"rendered":"<p>Die K\u00fcche ver\u00e4ndert sich \u2013 weg vom statischen Raum hin zu einem dynamischen Mittelpunkt des Alltags. Neue Wohnkonzepte, ver\u00e4nderte Routinen und technologische Innovationen treiben diese Entwicklung voran. Gleichzeitig w\u00e4chst der Anspruch an Funktionalit\u00e4t, Design und intuitive Bedienung. Hersteller reagieren darauf mit neuen Konzepten, die \u00fcber klassische Produktl\u00f6sungen hinausgehen. Auch Miele greift diesen Wandel auf und pr\u00e4sentiert zur Milan Design Week 2026 eine vision\u00e4re Idee f\u00fcr die K\u00fcche der Zukunft.<\/p>\n","protected":false},"author":1,"featured_media":32496,"comment_status":"closed","ping_status":"closed","sticky":false,"template":"","format":"standard","meta":{"colormag_page_container_layout":"default_layout","colormag_page_sidebar_layout":"default_layout","_jetpack_memberships_contains_paid_content":false,"footnotes":""},"categories":[4497],"tags":[6389,6387,5731,19848],"class_list":["post-32495","post","type-post","status-publish","format-standard","has-post-thumbnail","hentry","category-produkt","tag-eurocucina","tag-mailand","tag-miele","tag-smarthome"],"jetpack_featured_media_url":"https:\/\/www.tuttiisensi.de\/wp-content\/uploads\/2026\/04\/Miele.webp","jetpack_sharing_enabled":true,"_links":{"self":[{"href":"https:\/\/www.tuttiisensi.de\/index.php?rest_route=\/wp\/v2\/posts\/32495","targetHints":{"allow":["GET"]}}],"collection":[{"href":"https:\/\/www.tuttiisensi.de\/index.php?rest_route=\/wp\/v2\/posts"}],"about":[{"href":"https:\/\/www.tuttiisensi.de\/index.php?rest_route=\/wp\/v2\/types\/post"}],"author":[{"embeddable":true,"href":"https:\/\/www.tuttiisensi.de\/index.php?rest_route=\/wp\/v2\/users\/1"}],"replies":[{"embeddable":true,"href":"https:\/\/www.tuttiisensi.de\/index.php?rest_route=%2Fwp%2Fv2%2Fcomments&post=32495"}],"version-history":[{"count":1,"href":"https:\/\/www.tuttiisensi.de\/index.php?rest_route=\/wp\/v2\/posts\/32495\/revisions"}],"predecessor-version":[{"id":32497,"href":"https:\/\/www.tuttiisensi.de\/index.php?rest_route=\/wp\/v2\/posts\/32495\/revisions\/32497"}],"wp:featuredmedia":[{"embeddable":true,"href":"https:\/\/www.tuttiisensi.de\/index.php?rest_route=\/wp\/v2\/media\/32496"}],"wp:attachment":[{"href":"https:\/\/www.tuttiisensi.de\/index.php?rest_route=%2Fwp%2Fv2%2Fmedia&parent=32495"}],"wp:term":[{"taxonomy":"category","embeddable":true,"href":"https:\/\/www.tuttiisensi.de\/index.php?rest_route=%2Fwp%2Fv2%2Fcategories&post=32495"},{"taxonomy":"post_tag","embeddable":true,"href":"https:\/\/www.tuttiisensi.de\/index.php?rest_route=%2Fwp%2Fv2%2Ftags&post=32495"}],"curies":[{"name":"wp","href":"https:\/\/api.w.org\/{rel}","templated":true}]}}