{"id":32298,"date":"2026-03-15T06:50:00","date_gmt":"2026-03-15T05:50:00","guid":{"rendered":"https:\/\/www.tuttiisensi.de\/?p=32298"},"modified":"2026-03-11T16:04:53","modified_gmt":"2026-03-11T15:04:53","slug":"prowein-2026-die-vdp-praedikatsweingueter","status":"publish","type":"post","link":"https:\/\/www.tuttiisensi.de\/?p=32298","title":{"rendered":"ProWein 2026 &#8211; Die VDP.Pr\u00e4dikatsweing\u00fcter"},"content":{"rendered":"\n<p>Wer auf der ProWein in D\u00fcsseldorf Orientierung im deutschen Spitzenwein sucht, ist beim VDP richtig: Vom 15. bis 17. M\u00e4rz pr\u00e4sentieren 84 VDP.Pr\u00e4dikatsweing\u00fcter am VDP.Gemeinschaftsstand (Halle 1, Stand 1C190) ihre aktuellen Kollektionen, Neuheiten und einen ersten Vorgeschmack auf den Jahrgang 2025. Auf gro\u00dfz\u00fcgiger Fl\u00e4che wird verkostet und diskutiert &#8211; im direkten Austausch mit Winzerinnen und Winzern sowie den Verantwortlichen aus Vertrieb und Export und das in gro\u00dfer Vielfalt: alle VDP.Regionen sind vertreten. Am 16. M\u00e4rz h\u00e4lt Konstantin Baum MW am VDP-Infopoint (1C190) zwei Masterclasses (14:00\/15:30 Uhr; je 20 Pl\u00e4tze; first come\u2013first serve) zu GG-Riesling im internationalen Vergleich und Pinot Noir als Herkunftsthema.<br><br>Einige VDP.Betriebe reisen mit besonderen Neuigkeiten nach D\u00fcsseldorf: Christine M\u00fcller ist neue Gesch\u00e4ftsf\u00fchrerin des VDP.Weinguts Kloster Eberbach und sch\u00e4rft Qualit\u00e4ts- und Herkunftsprofil, Lagenschatz sowie Marken- und Sortimentsstrategie. Au\u00dferdem pr\u00e4sentiert das VDP.Weingut Wwe. Dr. H. Thanisch, Erben Thanisch sein neues VDP.GROSSES GEW\u00c4CHS\u00ae: Bernkasteler LAY Riesling GG 2024 (92+ Punkte, Mosel Fine Wines).<\/p>\n\n\n\n<figure class=\"wp-block-image size-large\"><a href=\"https:\/\/www.tuttiisensi.de\/wp-content\/uploads\/2026\/03\/VDP_ProWein_2023_peterbender_020-002.webp\"><img loading=\"lazy\" decoding=\"async\" width=\"1024\" height=\"576\" src=\"https:\/\/www.tuttiisensi.de\/wp-content\/uploads\/2026\/03\/VDP_ProWein_2023_peterbender_020-002-1024x576.webp\" alt=\"\" class=\"wp-image-32289\" srcset=\"https:\/\/www.tuttiisensi.de\/wp-content\/uploads\/2026\/03\/VDP_ProWein_2023_peterbender_020-002-1024x576.webp 1024w, https:\/\/www.tuttiisensi.de\/wp-content\/uploads\/2026\/03\/VDP_ProWein_2023_peterbender_020-002-300x169.webp 300w, https:\/\/www.tuttiisensi.de\/wp-content\/uploads\/2026\/03\/VDP_ProWein_2023_peterbender_020-002-768x432.webp 768w, https:\/\/www.tuttiisensi.de\/wp-content\/uploads\/2026\/03\/VDP_ProWein_2023_peterbender_020-002.webp 1200w\" sizes=\"auto, (max-width: 1024px) 100vw, 1024px\" \/><\/a><figcaption class=\"wp-element-caption\">VDP Weing\u00fcter auf der ProWein &#8211; Quelle: VDP\/Peter Bender<\/figcaption><\/figure>\n\n\n\n<p>Die VDP Pr\u00e4dikatsweing\u00fcter finden Sie in der Halle 1.<\/p>\n\n\n\n<p>Direkter Link: <a href=\"https:\/\/www.vdp.de\/de\/\">VDP: DIE PR\u00c4DIKATSWEING\u00dcTER<\/a><\/p>\n","protected":false},"excerpt":{"rendered":"<p>Wer auf der ProWein in D\u00fcsseldorf Orientierung im deutschen Spitzenwein sucht, ist beim VDP richtig: Vom 15. bis 17. M\u00e4rz pr\u00e4sentieren 84 VDP.Pr\u00e4dikatsweing\u00fcter am VDP.Gemeinschaftsstand (Halle 1, Stand 1C190) ihre aktuellen Kollektionen, Neuheiten und einen ersten Vorgeschmack auf den Jahrgang 2025. Auf gro\u00dfz\u00fcgiger Fl\u00e4che wird verkostet und diskutiert &#8211; im direkten Austausch mit Winzerinnen und Winzern sowie den Verantwortlichen aus Vertrieb und Export und das in gro\u00dfer Vielfalt: alle VDP.Regionen sind vertreten. Am 16. M\u00e4rz h\u00e4lt Konstantin Baum MW am VDP-Infopoint (1C190) zwei Masterclasses (14:00\/15:30 Uhr; je 20 Pl\u00e4tze; first come\u2013first serve) zu GG-Riesling im internationalen Vergleich und Pinot Noir als Herkunftsthema.<\/p>\n","protected":false},"author":1,"featured_media":32289,"comment_status":"closed","ping_status":"closed","sticky":false,"template":"","format":"standard","meta":{"colormag_page_container_layout":"default_layout","colormag_page_sidebar_layout":"default_layout","_jetpack_memberships_contains_paid_content":false,"footnotes":""},"categories":[4775],"tags":[13668,507,19749,4714,19751],"class_list":["post-32298","post","type-post","status-publish","format-standard","has-post-thumbnail","hentry","category-wein","tag-grossesgewaechs","tag-prowein","tag-prowein26","tag-vdp","tag-vdppraedikatsweingueter"],"jetpack_featured_media_url":"https:\/\/www.tuttiisensi.de\/wp-content\/uploads\/2026\/03\/VDP_ProWein_2023_peterbender_020-002.webp","jetpack_sharing_enabled":true,"_links":{"self":[{"href":"https:\/\/www.tuttiisensi.de\/index.php?rest_route=\/wp\/v2\/posts\/32298","targetHints":{"allow":["GET"]}}],"collection":[{"href":"https:\/\/www.tuttiisensi.de\/index.php?rest_route=\/wp\/v2\/posts"}],"about":[{"href":"https:\/\/www.tuttiisensi.de\/index.php?rest_route=\/wp\/v2\/types\/post"}],"author":[{"embeddable":true,"href":"https:\/\/www.tuttiisensi.de\/index.php?rest_route=\/wp\/v2\/users\/1"}],"replies":[{"embeddable":true,"href":"https:\/\/www.tuttiisensi.de\/index.php?rest_route=%2Fwp%2Fv2%2Fcomments&post=32298"}],"version-history":[{"count":1,"href":"https:\/\/www.tuttiisensi.de\/index.php?rest_route=\/wp\/v2\/posts\/32298\/revisions"}],"predecessor-version":[{"id":32299,"href":"https:\/\/www.tuttiisensi.de\/index.php?rest_route=\/wp\/v2\/posts\/32298\/revisions\/32299"}],"wp:featuredmedia":[{"embeddable":true,"href":"https:\/\/www.tuttiisensi.de\/index.php?rest_route=\/wp\/v2\/media\/32289"}],"wp:attachment":[{"href":"https:\/\/www.tuttiisensi.de\/index.php?rest_route=%2Fwp%2Fv2%2Fmedia&parent=32298"}],"wp:term":[{"taxonomy":"category","embeddable":true,"href":"https:\/\/www.tuttiisensi.de\/index.php?rest_route=%2Fwp%2Fv2%2Fcategories&post=32298"},{"taxonomy":"post_tag","embeddable":true,"href":"https:\/\/www.tuttiisensi.de\/index.php?rest_route=%2Fwp%2Fv2%2Ftags&post=32298"}],"curies":[{"name":"wp","href":"https:\/\/api.w.org\/{rel}","templated":true}]}}