{"id":32286,"date":"2026-03-14T15:32:44","date_gmt":"2026-03-14T14:32:44","guid":{"rendered":"https:\/\/www.tuttiisensi.de\/?p=32286"},"modified":"2026-03-11T16:09:02","modified_gmt":"2026-03-11T15:09:02","slug":"oesterreich-wein-auf-der-prowein","status":"publish","type":"post","link":"https:\/\/www.tuttiisensi.de\/?p=32286","title":{"rendered":"ProWein 2026 &#8211; \u00d6sterreich Wein"},"content":{"rendered":"\n<p>Von 15. bis 17. M\u00e4rz 2026 pr\u00e4sentiert sich \u00f6sterreichischer Wein auf der ProWein in D\u00fcsseldorf mit seinem gr\u00f6\u00dften internationalen Auftritt des Jahres. Weing\u00fcter aus allen Weinbaugebieten zeigen dort die Vielfalt und Qualit\u00e4t ihrer aktuellen Weine vor tausenden FachbesucherIinnen aus aller Welt. Erg\u00e4nzt wird der Messeauftritt durch ein vielseitiges Rahmenprogramm: Auf der Seminarfl\u00e4che der \u00d6WM finden Masterclasses zur \u00f6sterreichischen Weinvielfalt statt, w\u00e4hrend die durchgehend ge\u00f6ffnete Tasting Area Raum f\u00fcr eigenst\u00e4ndige Verkostungen wechselnder Themen bietet.<\/p>\n\n\n\n<p>Dar\u00fcber hinaus ist \u00d6sterreich Teil der \u201eUrban Gastronomy by #asktoni\u201c, bei der Wein-Food-Pairings im Mittelpunkt stehen. Ein besonderes Highlight am Dienstag ist au\u00dferdem die Blindverkostung in der Black Box der Sommelier-Union, bei der Weine in v\u00f6lliger Dunkelheit verkostet werden.<\/p>\n\n\n\n<figure class=\"wp-block-image size-large\"><a href=\"https:\/\/www.tuttiisensi.de\/wp-content\/uploads\/2026\/03\/OessterreichWein_ProWein26.webp\"><img loading=\"lazy\" decoding=\"async\" width=\"1024\" height=\"576\" src=\"https:\/\/www.tuttiisensi.de\/wp-content\/uploads\/2026\/03\/OessterreichWein_ProWein26-1024x576.webp\" alt=\"\" class=\"wp-image-32288\" srcset=\"https:\/\/www.tuttiisensi.de\/wp-content\/uploads\/2026\/03\/OessterreichWein_ProWein26-1024x576.webp 1024w, https:\/\/www.tuttiisensi.de\/wp-content\/uploads\/2026\/03\/OessterreichWein_ProWein26-300x169.webp 300w, https:\/\/www.tuttiisensi.de\/wp-content\/uploads\/2026\/03\/OessterreichWein_ProWein26-768x432.webp 768w, https:\/\/www.tuttiisensi.de\/wp-content\/uploads\/2026\/03\/OessterreichWein_ProWein26.webp 1200w\" sizes=\"auto, (max-width: 1024px) 100vw, 1024px\" \/><\/a><figcaption class=\"wp-element-caption\">\u00d6sterreich Wein auf der ProWein 2026 &#8211; Quelle: \u00d6sterreich Wein<\/figcaption><\/figure>\n","protected":false},"excerpt":{"rendered":"<p>Von 15. bis 17. M\u00e4rz 2026 pr\u00e4sentiert sich \u00f6sterreichischer Wein auf der ProWein in D\u00fcsseldorf mit seinem gr\u00f6\u00dften internationalen Auftritt des Jahres. Weing\u00fcter aus allen Weinbaugebieten zeigen dort die Vielfalt und Qualit\u00e4t ihrer aktuellen Weine vor tausenden Fachbesucher*innen aus aller Welt. Erg\u00e4nzt wird der Messeauftritt durch ein vielseitiges Rahmenprogramm: Auf der Seminarfl\u00e4che der \u00d6WM finden Masterclasses zur \u00f6sterreichischen Weinvielfalt statt, w\u00e4hrend die durchgehend ge\u00f6ffnete Tasting Area Raum f\u00fcr eigenst\u00e4ndige Verkostungen wechselnder Themen bietet.<\/p>\n","protected":false},"author":1,"featured_media":32288,"comment_status":"closed","ping_status":"closed","sticky":false,"template":"","format":"standard","meta":{"colormag_page_container_layout":"default_layout","colormag_page_sidebar_layout":"default_layout","_jetpack_memberships_contains_paid_content":false,"footnotes":""},"categories":[4775],"tags":[11723,507,19749],"class_list":["post-32286","post","type-post","status-publish","format-standard","has-post-thumbnail","hentry","category-wein","tag-oesterreichwein","tag-prowein","tag-prowein26"],"jetpack_featured_media_url":"https:\/\/www.tuttiisensi.de\/wp-content\/uploads\/2026\/03\/OessterreichWein_ProWein26.webp","jetpack_sharing_enabled":true,"_links":{"self":[{"href":"https:\/\/www.tuttiisensi.de\/index.php?rest_route=\/wp\/v2\/posts\/32286","targetHints":{"allow":["GET"]}}],"collection":[{"href":"https:\/\/www.tuttiisensi.de\/index.php?rest_route=\/wp\/v2\/posts"}],"about":[{"href":"https:\/\/www.tuttiisensi.de\/index.php?rest_route=\/wp\/v2\/types\/post"}],"author":[{"embeddable":true,"href":"https:\/\/www.tuttiisensi.de\/index.php?rest_route=\/wp\/v2\/users\/1"}],"replies":[{"embeddable":true,"href":"https:\/\/www.tuttiisensi.de\/index.php?rest_route=%2Fwp%2Fv2%2Fcomments&post=32286"}],"version-history":[{"count":3,"href":"https:\/\/www.tuttiisensi.de\/index.php?rest_route=\/wp\/v2\/posts\/32286\/revisions"}],"predecessor-version":[{"id":32301,"href":"https:\/\/www.tuttiisensi.de\/index.php?rest_route=\/wp\/v2\/posts\/32286\/revisions\/32301"}],"wp:featuredmedia":[{"embeddable":true,"href":"https:\/\/www.tuttiisensi.de\/index.php?rest_route=\/wp\/v2\/media\/32288"}],"wp:attachment":[{"href":"https:\/\/www.tuttiisensi.de\/index.php?rest_route=%2Fwp%2Fv2%2Fmedia&parent=32286"}],"wp:term":[{"taxonomy":"category","embeddable":true,"href":"https:\/\/www.tuttiisensi.de\/index.php?rest_route=%2Fwp%2Fv2%2Fcategories&post=32286"},{"taxonomy":"post_tag","embeddable":true,"href":"https:\/\/www.tuttiisensi.de\/index.php?rest_route=%2Fwp%2Fv2%2Ftags&post=32286"}],"curies":[{"name":"wp","href":"https:\/\/api.w.org\/{rel}","templated":true}]}}