{"id":32243,"date":"2026-03-11T08:05:47","date_gmt":"2026-03-11T07:05:47","guid":{"rendered":"https:\/\/www.tuttiisensi.de\/?p=32243"},"modified":"2026-03-11T08:43:34","modified_gmt":"2026-03-11T07:43:34","slug":"saisonauftakt-nahe-2026-wein-kulinarik-und-begegnungen-zum-start-in-den-fruehling","status":"publish","type":"post","link":"https:\/\/www.tuttiisensi.de\/?p=32243","title":{"rendered":"Saisonauftakt Nahe 2026: Wein, Kulinarik und Begegnungen zum Start in den Fr\u00fchling"},"content":{"rendered":"\n<p>Vom 16. bis 19. April 2026 er\u00f6ffnet die Weinregion Nahe offiziell die neue Weinsaison. Winzerinnen und Winzer laden an diesem verl\u00e4ngerten Wochenende zu vielf\u00e4ltigen Veranstaltungen ein. G\u00e4ste erwartet ein breites Angebot aus Weinproben, Kulinarik und pers\u00f6nlichen Begegnungen. Der Saisonauftakt findet bereits zum vierten Mal als gemeinsames Event statt. Ziel ist es, die Vielfalt der Region erlebbar zu machen und den Direktkontakt zwischen Erzeugern und Besuchern zu st\u00e4rken.<\/p>\n\n\n\n<figure class=\"wp-block-image size-large\"><a href=\"https:\/\/www.tuttiisensi.de\/wp-content\/uploads\/2026\/03\/IMG_1618.jpeg\"><img loading=\"lazy\" decoding=\"async\" width=\"683\" height=\"1024\" src=\"https:\/\/www.tuttiisensi.de\/wp-content\/uploads\/2026\/03\/IMG_1618-683x1024.jpeg\" alt=\"\" class=\"wp-image-32244\" srcset=\"https:\/\/www.tuttiisensi.de\/wp-content\/uploads\/2026\/03\/IMG_1618-683x1024.jpeg 683w, https:\/\/www.tuttiisensi.de\/wp-content\/uploads\/2026\/03\/IMG_1618-200x300.jpeg 200w, https:\/\/www.tuttiisensi.de\/wp-content\/uploads\/2026\/03\/IMG_1618-768x1152.jpeg 768w, https:\/\/www.tuttiisensi.de\/wp-content\/uploads\/2026\/03\/IMG_1618-1024x1536.jpeg 1024w, https:\/\/www.tuttiisensi.de\/wp-content\/uploads\/2026\/03\/IMG_1618.jpeg 1200w\" sizes=\"auto, (max-width: 683px) 100vw, 683px\" \/><\/a><figcaption class=\"wp-element-caption\">Saisonauftakt Nahe<br>&#8211; Quelle: Weinland Nahe e.V., Daniel Keil<\/figcaption><\/figure>\n\n\n\n<p>Von Donnerstag, 16. April, bis Sonntag, 19. April 2026 \u00f6ffnen die Betriebe im Weinland Nahe ihre Tore. \u00dcber das gesamte Anbaugebiet verteilt k\u00f6nnen Besucher das f\u00fcr sie passende Programm ausw\u00e4hlen und die facettenreichen Weine der Region entdecken. Der offizielle Saisonauftakt markiert den genussvollen Beginn der neuen Weinsaison und stellt Kulinarik, Authentizit\u00e4t sowie pers\u00f6nliche Gespr\u00e4che in den Mittelpunkt.<\/p>\n\n\n\n<p>Das Spektrum reicht von traditionellen Strau\u00dfwirtschaften mit regionaltypischen Spezialit\u00e4ten bis zu mehrg\u00e4ngigen Men\u00fcs mit abgestimmter Weinbegleitung. Viele Weing\u00fcter bieten moderierte Weinproben, Themenverkostungen, saisonale Hofk\u00fcchen oder kulturelle Begleitprogramme an. G\u00e4ste haben Gelegenheit, neue Jahrg\u00e4nge kennenzulernen, Weine direkt vor Ort zu verkosten und mehr \u00fcber Herkunft, Philosophie und Handschrift der einzelnen Betriebe zu erfahren.<\/p>\n\n\n\n<p>Neben dem kulinarischen Angebot l\u00e4dt die Region dazu ein, aktiv erkundet zu werden. Wanderwege und Fahrradrouten f\u00fchren durch Weinberge, entlang des Flusses Nahe und durch die charakteristischen Orte der Region. Die Verbindung aus Natur, Bewegung und genussvollen Stationen macht das Wochenende zu einem stimmungsvollen Auftakt in den Fr\u00fchling.<\/p>\n\n\n\n<p>Die teilnehmenden Weing\u00fcter gestalten ihre Programme eigenst\u00e4ndig und pr\u00e4sentieren ihre Betriebe mit individueller Handschrift. Die Dachmarke <a href=\"chatgpt:\/\/generic-entity?number=0\">Weinland Nahe<\/a> b\u00fcndelt die Veranstaltungen, \u00fcbernimmt die \u00fcbergeordnete Kommunikation und st\u00e4rkt die Sichtbarkeit des Gesamtangebots. Ziel ist es, Einheimische wie G\u00e4ste fr\u00fchzeitig auf weitere Veranstaltungen im Jahresverlauf aufmerksam zu machen und die Direktvermarktung ab Hof zu f\u00f6rdern.<\/p>\n\n\n\n<p>Einen \u00dcberblick \u00fcber alle teilnehmenden Betriebe und Programmpunkte bietet die Website von Weinland Nahe unter dem Men\u00fcpunkt \u201eEvents\u201c. Dort lassen sich die Veranstaltungen nach Zeit und Ort filtern. Hinweise zu \u00dcbernachtungsm\u00f6glichkeiten sind \u00fcber die Seite der <a href=\"chatgpt:\/\/generic-entity?number=1\">Naheland Touristik<\/a> abrufbar.<\/p>\n","protected":false},"excerpt":{"rendered":"<p>Vom 16. bis 19. April 2026 er\u00f6ffnet die Weinregion Nahe offiziell die neue Weinsaison. Winzerinnen und Winzer laden an diesem verl\u00e4ngerten Wochenende zu vielf\u00e4ltigen Veranstaltungen ein. G\u00e4ste erwartet ein breites Angebot aus Weinproben, Kulinarik und pers\u00f6nlichen Begegnungen. Der Saisonauftakt findet bereits zum vierten Mal als gemeinsames Event statt. Ziel ist es, die Vielfalt der Region erlebbar zu machen und den Direktkontakt zwischen Erzeugern und Besuchern zu st\u00e4rken.<\/p>\n","protected":false},"author":1,"featured_media":32244,"comment_status":"closed","ping_status":"closed","sticky":false,"template":"","format":"standard","meta":{"colormag_page_container_layout":"default_layout","colormag_page_sidebar_layout":"default_layout","_jetpack_memberships_contains_paid_content":false,"footnotes":""},"categories":[17,4775],"tags":[19733,19732,19731,18884,9049],"class_list":["post-32243","post","type-post","status-publish","format-standard","has-post-thumbnail","hentry","category-unterwegs","category-wein","tag-direktvermarktung","tag-genussregion","tag-saisonauftakt2026","tag-weinerleben","tag-weinlandnahe"],"jetpack_featured_media_url":"https:\/\/www.tuttiisensi.de\/wp-content\/uploads\/2026\/03\/IMG_1618.jpeg","jetpack_sharing_enabled":true,"_links":{"self":[{"href":"https:\/\/www.tuttiisensi.de\/index.php?rest_route=\/wp\/v2\/posts\/32243","targetHints":{"allow":["GET"]}}],"collection":[{"href":"https:\/\/www.tuttiisensi.de\/index.php?rest_route=\/wp\/v2\/posts"}],"about":[{"href":"https:\/\/www.tuttiisensi.de\/index.php?rest_route=\/wp\/v2\/types\/post"}],"author":[{"embeddable":true,"href":"https:\/\/www.tuttiisensi.de\/index.php?rest_route=\/wp\/v2\/users\/1"}],"replies":[{"embeddable":true,"href":"https:\/\/www.tuttiisensi.de\/index.php?rest_route=%2Fwp%2Fv2%2Fcomments&post=32243"}],"version-history":[{"count":2,"href":"https:\/\/www.tuttiisensi.de\/index.php?rest_route=\/wp\/v2\/posts\/32243\/revisions"}],"predecessor-version":[{"id":32246,"href":"https:\/\/www.tuttiisensi.de\/index.php?rest_route=\/wp\/v2\/posts\/32243\/revisions\/32246"}],"wp:featuredmedia":[{"embeddable":true,"href":"https:\/\/www.tuttiisensi.de\/index.php?rest_route=\/wp\/v2\/media\/32244"}],"wp:attachment":[{"href":"https:\/\/www.tuttiisensi.de\/index.php?rest_route=%2Fwp%2Fv2%2Fmedia&parent=32243"}],"wp:term":[{"taxonomy":"category","embeddable":true,"href":"https:\/\/www.tuttiisensi.de\/index.php?rest_route=%2Fwp%2Fv2%2Fcategories&post=32243"},{"taxonomy":"post_tag","embeddable":true,"href":"https:\/\/www.tuttiisensi.de\/index.php?rest_route=%2Fwp%2Fv2%2Ftags&post=32243"}],"curies":[{"name":"wp","href":"https:\/\/api.w.org\/{rel}","templated":true}]}}