{"id":31704,"date":"2025-12-05T09:56:50","date_gmt":"2025-12-05T08:56:50","guid":{"rendered":"https:\/\/www.tuttiisensi.de\/?p=31704"},"modified":"2025-11-30T09:59:32","modified_gmt":"2025-11-30T08:59:32","slug":"genusspfad-sylt-feiert-20-ausgabe","status":"publish","type":"post","link":"https:\/\/www.tuttiisensi.de\/?p=31704","title":{"rendered":"Genusspfad Sylt feiert 20. Ausgabe"},"content":{"rendered":"\n<p>Der Genusspfad Sylt gilt als eine der charakteristischsten kulinarischen Erlebnistouren der Insel und verbindet Bewegung, Unterhaltung und gastronomische Vielfalt. F\u00fcnf Gastgeber laden erneut zu einer Rundreise ein, die Sylts Frischek\u00fcche in mehreren Orten erlebbar macht. Am 13. Dezember f\u00fchrt die Route durch Keitum und macht Halt in den Restaurants \u201eAmici\u201c, \u201eK\u00f6kken\u201c im Benen-Diken-Hof, \u201eButcherei\u201c, \u201eOma Wilma\u201c sowie im Severin*s Resort &amp; Spa. Aus einer kleinen Idee hat sich im Laufe von zwei Jahrzehnten ein fest etabliertes Format entwickelt. Veranstalter Raphael Ipsen betont, wie unerwartet und erfreulich diese Entwicklung aus der ersten Ausgabe 2014 heraus entstanden ist.<\/p>\n\n\n\n<figure class=\"wp-block-image size-large\"><a href=\"https:\/\/www.tuttiisensi.de\/wp-content\/uploads\/2025\/11\/IMG_1439.jpeg\"><img loading=\"lazy\" decoding=\"async\" width=\"1024\" height=\"583\" src=\"https:\/\/www.tuttiisensi.de\/wp-content\/uploads\/2025\/11\/IMG_1439-1024x583.jpeg\" alt=\"\" class=\"wp-image-31705\" srcset=\"https:\/\/www.tuttiisensi.de\/wp-content\/uploads\/2025\/11\/IMG_1439-1024x583.jpeg 1024w, https:\/\/www.tuttiisensi.de\/wp-content\/uploads\/2025\/11\/IMG_1439-300x171.jpeg 300w, https:\/\/www.tuttiisensi.de\/wp-content\/uploads\/2025\/11\/IMG_1439-768x437.jpeg 768w, https:\/\/www.tuttiisensi.de\/wp-content\/uploads\/2025\/11\/IMG_1439.jpeg 1200w\" sizes=\"auto, (max-width: 1024px) 100vw, 1024px\" \/><\/a><figcaption class=\"wp-element-caption\">Beim kommenden Genusspfad Sylt kreieren die K\u00fcchenteams f\u00fcnf Keitumer Restaurants ein weihnachtliches Men\u00fc &#8211; Quelle: Jan Blaffert\/ Sylt Marketing<\/figcaption><\/figure>\n\n\n\n<p>Raffinierte Sylter K\u00fcche im Advent<\/p>\n\n\n\n<p>Die Winterausgabe des Genusspfads bringt zum Jahresende nochmals besondere kulinarische Akzente. Unter dem Motto \u201e\u00dc\u00fcs S\u00f6l\u2019ring L\u00f6n \u2013 Unser Sylter Land\u201c setzen die K\u00f6chinnen und K\u00f6che auf regionale Produkte und kreative Interpretationen. Im \u201eAmici\u201c trifft Sylter Gr\u00fcnkohl in Salatform auf ein Tatar aus Braderuper Karotten, Heidehonig und Deichk\u00e4se. Nach einem gemeinsamen Auftakt als \u201eStreetfood Market\u201c im Severin*s Resort &amp; Spa startet der Rundgang durch das Kapit\u00e4nsdorf in drei Gruppen. An mehreren Stationen werden jeweils zwei Gerichte mit passenden Getr\u00e4nken serviert. Den s\u00fc\u00dfen Abschluss gestaltet der Benen-Diken-Hof mit einer \u201eX-Mas Restaurant Party\u201c, darunter Kirschragout, Apfel-Crumble mit Vanillesauce oder ein herzhaftes K\u00e4sebrett.<\/p>\n\n\n\n<p>Ein Abend, der Menschen verbindet<\/p>\n\n\n\n<p>F\u00fcr Raphael Ipsen ist der Genusspfad weit mehr als ein gastronomisches Ereignis. Er beschreibt den Abend als Moment, in dem man die besondere Gemeinschaft der Insel sp\u00fcrt: neue Lieblingsorte, kurze Gespr\u00e4che auf dem Weg zur n\u00e4chsten Station und ein gemeinsames Erleben des Sylter Lebensgef\u00fchls. Seit 2014 ist das Format fest im Veranstaltungskalender verankert und findet viermal j\u00e4hrlich statt \u2013 im Fr\u00fchling in Westerland, im Sommer in List, im Herbst in H\u00f6rnum und im Winter in Keitum. Tickets und Informationen stehen unter www.genusspfad-sylt.de bereit, weitere Empfehlungen rund um Sylts Kulinarik unter <a href=\"http:\/\/www.sylt.de\">www.sylt.de<\/a>.<\/p>\n\n\n\n<p><\/p>\n","protected":false},"excerpt":{"rendered":"<p>Der Genusspfad Sylt gilt als eine der charakteristischsten kulinarischen Erlebnistouren der Insel und verbindet Bewegung, Unterhaltung und gastronomische Vielfalt. F\u00fcnf<\/p>\n","protected":false},"author":2075,"featured_media":31705,"comment_status":"closed","ping_status":"closed","sticky":false,"template":"","format":"standard","meta":{"colormag_page_container_layout":"default_layout","colormag_page_sidebar_layout":"default_layout","_jetpack_memberships_contains_paid_content":false,"footnotes":""},"categories":[17,19417],"tags":[18574,19425,19427,13172,8162,19426],"class_list":["post-31704","post","type-post","status-publish","format-standard","has-post-thumbnail","hentry","category-unterwegs","category-weihnachten-2025","tag-genussmomente","tag-genusspfadsylt","tag-keitum","tag-kulinarischereise","tag-sylt","tag-sylterkueche"],"jetpack_featured_media_url":"https:\/\/www.tuttiisensi.de\/wp-content\/uploads\/2025\/11\/IMG_1439.jpeg","jetpack_sharing_enabled":true,"_links":{"self":[{"href":"https:\/\/www.tuttiisensi.de\/index.php?rest_route=\/wp\/v2\/posts\/31704","targetHints":{"allow":["GET"]}}],"collection":[{"href":"https:\/\/www.tuttiisensi.de\/index.php?rest_route=\/wp\/v2\/posts"}],"about":[{"href":"https:\/\/www.tuttiisensi.de\/index.php?rest_route=\/wp\/v2\/types\/post"}],"author":[{"embeddable":true,"href":"https:\/\/www.tuttiisensi.de\/index.php?rest_route=\/wp\/v2\/users\/2075"}],"replies":[{"embeddable":true,"href":"https:\/\/www.tuttiisensi.de\/index.php?rest_route=%2Fwp%2Fv2%2Fcomments&post=31704"}],"version-history":[{"count":2,"href":"https:\/\/www.tuttiisensi.de\/index.php?rest_route=\/wp\/v2\/posts\/31704\/revisions"}],"predecessor-version":[{"id":31707,"href":"https:\/\/www.tuttiisensi.de\/index.php?rest_route=\/wp\/v2\/posts\/31704\/revisions\/31707"}],"wp:featuredmedia":[{"embeddable":true,"href":"https:\/\/www.tuttiisensi.de\/index.php?rest_route=\/wp\/v2\/media\/31705"}],"wp:attachment":[{"href":"https:\/\/www.tuttiisensi.de\/index.php?rest_route=%2Fwp%2Fv2%2Fmedia&parent=31704"}],"wp:term":[{"taxonomy":"category","embeddable":true,"href":"https:\/\/www.tuttiisensi.de\/index.php?rest_route=%2Fwp%2Fv2%2Fcategories&post=31704"},{"taxonomy":"post_tag","embeddable":true,"href":"https:\/\/www.tuttiisensi.de\/index.php?rest_route=%2Fwp%2Fv2%2Ftags&post=31704"}],"curies":[{"name":"wp","href":"https:\/\/api.w.org\/{rel}","templated":true}]}}