{"id":31657,"date":"2025-12-01T09:41:12","date_gmt":"2025-12-01T08:41:12","guid":{"rendered":"https:\/\/www.tuttiisensi.de\/?p=31657"},"modified":"2025-12-01T10:15:17","modified_gmt":"2025-12-01T09:15:17","slug":"genussvolle-adventskueche-drei-festliche-rezepte-von-steffen-henssler","status":"publish","type":"post","link":"https:\/\/www.tuttiisensi.de\/?p=31657","title":{"rendered":"Genussvolle Adventsk\u00fcche \u2013 Drei festliche Rezepte von Steffen Henssler"},"content":{"rendered":"\n<p>Mit Beginn der Adventszeit zieht ein besonderer Zauber in die K\u00fcchen ein. D\u00fcfte von Gew\u00fcrzen, Bratenduft und s\u00fc\u00dfem Karamell stimmen auf die bevorstehenden Festtage ein. Steffen Henssler steuert drei Rezepte bei, die sowohl traditionell als auch modern interpretiert sind. Ob herzhaft, kross gebraten oder s\u00fc\u00df \u2013 jedes Gericht setzt auf sorgf\u00e4ltig ausgew\u00e4hlte Zutaten und klare Zubereitungsschritte. So gelingt ein kulinarischer Auftakt in die Weihnachtszeit, der Familie und G\u00e4sten gleicherma\u00dfen Freude bereitet.<\/p>\n\n\n\n<figure class=\"wp-block-image size-large\"><a href=\"https:\/\/www.tuttiisensi.de\/wp-content\/uploads\/2025\/11\/IMG_1423.jpeg\"><img loading=\"lazy\" decoding=\"async\" width=\"1024\" height=\"576\" src=\"https:\/\/www.tuttiisensi.de\/wp-content\/uploads\/2025\/11\/IMG_1423-1024x576.jpeg\" alt=\"\" class=\"wp-image-31658\" srcset=\"https:\/\/www.tuttiisensi.de\/wp-content\/uploads\/2025\/11\/IMG_1423-1024x576.jpeg 1024w, https:\/\/www.tuttiisensi.de\/wp-content\/uploads\/2025\/11\/IMG_1423-300x169.jpeg 300w, https:\/\/www.tuttiisensi.de\/wp-content\/uploads\/2025\/11\/IMG_1423-768x432.jpeg 768w, https:\/\/www.tuttiisensi.de\/wp-content\/uploads\/2025\/11\/IMG_1423-1536x864.jpeg 1536w, https:\/\/www.tuttiisensi.de\/wp-content\/uploads\/2025\/11\/IMG_1423-1320x743.jpeg 1320w, https:\/\/www.tuttiisensi.de\/wp-content\/uploads\/2025\/11\/IMG_1423.jpeg 1920w\" sizes=\"auto, (max-width: 1024px) 100vw, 1024px\" \/><\/a><figcaption class=\"wp-element-caption\">Kartoffelsalat vom Blech &#8211; Quelle: Hensslers<\/figcaption><\/figure>\n\n\n\n<p><strong>Rezept 1: Kartoffelsalat vom Blech \u00e0 la Rainer Sass<\/strong><\/p>\n\n\n\n<p>Zutaten (4 Portionen):<\/p>\n\n\n\n<ul class=\"wp-block-list\">\n<li>1.000 g festkochende Kartoffeln<\/li>\n\n\n\n<li>2 Zwiebeln<\/li>\n\n\n\n<li>Brat\u00f6l mit Butter<\/li>\n\n\n\n<li>4 Eigelbe<\/li>\n\n\n\n<li>2 TL Senf<\/li>\n\n\n\n<li>2 Spritzer Zitronensaft<\/li>\n\n\n\n<li>Gew\u00fcrzsalz, Pfeffermix<\/li>\n\n\n\n<li>2\u20134 EL Cr\u00e8me fra\u00eeche<\/li>\n\n\n\n<li>4 Gew\u00fcrzgurken<\/li>\n\n\n\n<li>4 Zweige glatte Petersilie<\/li>\n\n\n\n<li>2 EL Gurkenwasser<\/li>\n<\/ul>\n\n\n\n<p><strong>Zubereitung (grafisch aufbereitet):<\/strong><\/p>\n\n\n\n<p>1. Vorbereiten<\/p>\n\n\n\n<ul class=\"wp-block-list\">\n<li>Backofen: 220 \u00b0C Umluft<\/li>\n\n\n\n<li>Kartoffeln sch\u00e4len, halbieren, in d\u00fcnne Scheiben schneiden<\/li>\n\n\n\n<li>Zwiebeln in feine Streifen schneiden<\/li>\n<\/ul>\n\n\n\n<p>2. R\u00f6sten<\/p>\n\n\n\n<ul class=\"wp-block-list\">\n<li>Kartoffeln waschen (wichtig f\u00fcr Knusprigkeit!)<\/li>\n\n\n\n<li>Tropfnass mit Zwiebeln und Brat\u00f6l mischen<\/li>\n\n\n\n<li>Auf Backpapierblech verteilen<\/li>\n\n\n\n<li>20 Minuten im Ofen r\u00f6sten<\/li>\n<\/ul>\n\n\n\n<p>3. Mayonnaise herstellen<\/p>\n\n\n\n<ul class=\"wp-block-list\">\n<li>Eigelbe, Senf, Zitronensaft verr\u00fchren<\/li>\n\n\n\n<li>150 ml Brat\u00f6l langsam einlaufen lassen<\/li>\n\n\n\n<li>Zu einer Emulsion schlagen<\/li>\n\n\n\n<li>Mit Gew\u00fcrzsalz, Pfeffermix, Cr\u00e8me fra\u00eeche abschmecken<\/li>\n<\/ul>\n\n\n\n<p>4. Frische Zutaten schneiden<\/p>\n\n\n\n<ul class=\"wp-block-list\">\n<li>Gew\u00fcrzgurken in Scheiben<\/li>\n\n\n\n<li>Petersilie fein schneiden<\/li>\n<\/ul>\n\n\n\n<p>5. Vermengen<\/p>\n\n\n\n<ul class=\"wp-block-list\">\n<li>Kartoffeln aus dem Ofen<\/li>\n\n\n\n<li>Mit Gurken, Gurkenwasser, Petersilie und Mayo mischen<\/li>\n\n\n\n<li>Alternativ direkt auf dem Blech anrichten<\/li>\n<\/ul>\n\n\n\n<p>Kurztipp: Kartoffeln immer waschen \u2013 das entfernt St\u00e4rke und sorgt f\u00fcr extra Knusper.<\/p>\n\n\n\n<p><strong>Rezept 2: Knusprige Weihnachtsente mit F\u00fcllung<\/strong><\/p>\n\n\n\n<p>Zutaten (4 Portionen):<\/p>\n\n\n\n<ul class=\"wp-block-list\">\n<li>1 Ente (ca. 2,3 kg)<\/li>\n\n\n\n<li>5 Br\u00f6tchen<\/li>\n\n\n\n<li>2 Eier<\/li>\n\n\n\n<li>300 ml Milch<\/li>\n\n\n\n<li>\u00bd Bund krause Petersilie<\/li>\n\n\n\n<li>2 EL Butter<\/li>\n\n\n\n<li>1 rote Peperoni<\/li>\n\n\n\n<li>2 EL ger\u00f6stete Sesamsaat<\/li>\n\n\n\n<li>1 EL Sesam\u00f6l<\/li>\n\n\n\n<li>1 Prise Entengew\u00fcrz<\/li>\n<\/ul>\n\n\n\n<p><strong>Zubereitung (optisch strukturiert):<\/strong><\/p>\n\n\n\n<p>1. Backen vorbereiten<\/p>\n\n\n\n<ul class=\"wp-block-list\">\n<li>Ofen: 165 \u00b0C Umluft<\/li>\n<\/ul>\n\n\n\n<p>2. F\u00fcllung ansetzen<\/p>\n\n\n\n<ul class=\"wp-block-list\">\n<li>Br\u00f6tchen w\u00fcrfeln<\/li>\n\n\n\n<li>Butter erhitzen<\/li>\n\n\n\n<li>Zwiebeln w\u00fcrfeln, Peperoni in Ringe, Petersilie zupfen<\/li>\n\n\n\n<li>Alles ca. 3 Minuten anr\u00f6sten<\/li>\n\n\n\n<li>Milch zugeben, einmal aufkochen<\/li>\n\n\n\n<li>Mit Entengew\u00fcrz, Sesam\u00f6l, Sesamsaat w\u00fcrzen<\/li>\n<\/ul>\n\n\n\n<p>3. Masse ziehen lassen<\/p>\n\n\n\n<ul class=\"wp-block-list\">\n<li>Eier zu den Br\u00f6tchen geben<\/li>\n\n\n\n<li>Hei\u00dfe Milchmischung zugeben<\/li>\n\n\n\n<li>Abdecken, 10 Minuten ziehen lassen<\/li>\n<\/ul>\n\n\n\n<p>4. Ente vorbereiten<\/p>\n\n\n\n<ul class=\"wp-block-list\">\n<li>B\u00fcrzel entfernen<\/li>\n\n\n\n<li>Ente innen und au\u00dfen w\u00fcrzen<\/li>\n\n\n\n<li>Mit der Br\u00f6tchenmasse f\u00fcllen<\/li>\n\n\n\n<li>Mit halben Schaschlikspie\u00dfen verschlie\u00dfen<\/li>\n<\/ul>\n\n\n\n<p>5. Garen<\/p>\n\n\n\n<ul class=\"wp-block-list\">\n<li>90 Minuten bei 165 \u00b0C Umluft garen<\/li>\n\n\n\n<li>Zwischendurch mit Fett bestreichen<\/li>\n\n\n\n<li>Temperatur auf 220 \u00b0C erh\u00f6hen, weitere 10 Minuten br\u00e4unen<\/li>\n<\/ul>\n\n\n\n<p>6. Servieren<\/p>\n\n\n\n<ul class=\"wp-block-list\">\n<li>Spie\u00dfe entfernen<\/li>\n\n\n\n<li>Ente tranchieren und mit F\u00fcllung anrichten<\/li>\n<\/ul>\n\n\n\n<p>Kurztipp: Haut vorher einstechen \u2013 so tritt Fett besser aus und wird besonders kross.<\/p>\n\n\n\n<p><strong>Rezept 3: Tarte Tatin nach Henssler<\/strong><\/p>\n\n\n\n<p>Zutaten:<\/p>\n\n\n\n<ul class=\"wp-block-list\">\n<li>11\u201313 \u00c4pfel<\/li>\n\n\n\n<li>250 g Butter<\/li>\n\n\n\n<li>250 g Zucker<\/li>\n\n\n\n<li>2 Zimtstangen<\/li>\n\n\n\n<li>2 Sternanis<\/li>\n\n\n\n<li>1 Rolle Bl\u00e4tterteig<\/li>\n<\/ul>\n\n\n\n<p><strong>Zubereitung (klar gegliedert):<\/strong><\/p>\n\n\n\n<p>1. Vorbereitung<\/p>\n\n\n\n<ul class=\"wp-block-list\">\n<li>Ofen: 170 \u00b0C Umluft<\/li>\n\n\n\n<li>\u00c4pfel sch\u00e4len, halbieren, entkernen<\/li>\n<\/ul>\n\n\n\n<p>2. Karamellbasis<\/p>\n\n\n\n<ul class=\"wp-block-list\">\n<li>Butter in einer ofenfesten Pfanne verteilen<\/li>\n\n\n\n<li>Zucker dar\u00fcber streuen<\/li>\n\n\n\n<li>Apfelh\u00e4lften am Rand aufstellen<\/li>\n\n\n\n<li>Zimt und Sternanis in die Mitte legen<\/li>\n\n\n\n<li>Restliche \u00c4pfel dar\u00fcber schichten<\/li>\n<\/ul>\n\n\n\n<p>3. Teig vorbereiten<\/p>\n\n\n\n<ul class=\"wp-block-list\">\n<li>Bl\u00e4tterteig \u00fcberlappend anordnen<\/li>\n\n\n\n<li>Verbindungsstellen ausrollen<\/li>\n\n\n\n<li>Auf die \u00c4pfel legen, mehrfach einstechen<\/li>\n\n\n\n<li>\u00dcberstehenden Teig abschneiden<\/li>\n<\/ul>\n\n\n\n<p>4. Backen<\/p>\n\n\n\n<ul class=\"wp-block-list\">\n<li>45 Minuten im Ofen<\/li>\n<\/ul>\n\n\n\n<p>5. Finalisieren<\/p>\n\n\n\n<ul class=\"wp-block-list\">\n<li>Nach dem Backen kurz auf dem Herd karamellisieren<\/li>\n\n\n\n<li>St\u00fcrzen<\/li>\n\n\n\n<li>Etwas abk\u00fchlen lassen<\/li>\n<\/ul>\n\n\n\n<p>Kurztipp: Vorab Butter und Zucker karamellisieren \u2013 sorgt f\u00fcr besonders intensive Aromen und eine gl\u00e4nzende Kruste.<\/p>\n\n\n\n<p>Link zum Henssler Online-Shop: <a href=\"https:\/\/www.henssler.shop\">https:\/\/www.henssler.shop<\/a><\/p>\n","protected":false},"excerpt":{"rendered":"<p>Mit Beginn der Adventszeit zieht ein besonderer Zauber in die K\u00fcchen ein. D\u00fcfte von Gew\u00fcrzen, Bratenduft und s\u00fc\u00dfem Karamell stimmen auf die bevorstehenden Festtage ein. Steffen Henssler steuert drei Rezepte bei, die sowohl traditionell als auch modern interpretiert sind. Ob herzhaft, kross gebraten oder s\u00fc\u00df \u2013 jedes Gericht setzt auf sorgf\u00e4ltig ausgew\u00e4hlte Zutaten und klare Zubereitungsschritte. So gelingt ein kulinarischer Auftakt in die Weihnachtszeit, der Familie und G\u00e4sten gleicherma\u00dfen Freude bereitet.<\/p>\n","protected":false},"author":1,"featured_media":31658,"comment_status":"closed","ping_status":"closed","sticky":false,"template":"","format":"standard","meta":{"colormag_page_container_layout":"default_layout","colormag_page_sidebar_layout":"default_layout","_jetpack_memberships_contains_paid_content":false,"footnotes":""},"categories":[1872,19417],"tags":[19392,19394,18574,19393,9695],"class_list":["post-31657","post","type-post","status-publish","format-standard","has-post-thumbnail","hentry","category-rezepte","category-weihnachten-2025","tag-adventskueche","tag-festlicheinspiration","tag-genussmomente","tag-hensslerrezepte","tag-weihnachtsmenue"],"jetpack_featured_media_url":"https:\/\/www.tuttiisensi.de\/wp-content\/uploads\/2025\/11\/IMG_1423.jpeg","jetpack_sharing_enabled":true,"_links":{"self":[{"href":"https:\/\/www.tuttiisensi.de\/index.php?rest_route=\/wp\/v2\/posts\/31657","targetHints":{"allow":["GET"]}}],"collection":[{"href":"https:\/\/www.tuttiisensi.de\/index.php?rest_route=\/wp\/v2\/posts"}],"about":[{"href":"https:\/\/www.tuttiisensi.de\/index.php?rest_route=\/wp\/v2\/types\/post"}],"author":[{"embeddable":true,"href":"https:\/\/www.tuttiisensi.de\/index.php?rest_route=\/wp\/v2\/users\/1"}],"replies":[{"embeddable":true,"href":"https:\/\/www.tuttiisensi.de\/index.php?rest_route=%2Fwp%2Fv2%2Fcomments&post=31657"}],"version-history":[{"count":3,"href":"https:\/\/www.tuttiisensi.de\/index.php?rest_route=\/wp\/v2\/posts\/31657\/revisions"}],"predecessor-version":[{"id":31713,"href":"https:\/\/www.tuttiisensi.de\/index.php?rest_route=\/wp\/v2\/posts\/31657\/revisions\/31713"}],"wp:featuredmedia":[{"embeddable":true,"href":"https:\/\/www.tuttiisensi.de\/index.php?rest_route=\/wp\/v2\/media\/31658"}],"wp:attachment":[{"href":"https:\/\/www.tuttiisensi.de\/index.php?rest_route=%2Fwp%2Fv2%2Fmedia&parent=31657"}],"wp:term":[{"taxonomy":"category","embeddable":true,"href":"https:\/\/www.tuttiisensi.de\/index.php?rest_route=%2Fwp%2Fv2%2Fcategories&post=31657"},{"taxonomy":"post_tag","embeddable":true,"href":"https:\/\/www.tuttiisensi.de\/index.php?rest_route=%2Fwp%2Fv2%2Ftags&post=31657"}],"curies":[{"name":"wp","href":"https:\/\/api.w.org\/{rel}","templated":true}]}}