{"id":31478,"date":"2025-10-23T07:48:08","date_gmt":"2025-10-23T05:48:08","guid":{"rendered":"https:\/\/www.tuttiisensi.de\/?p=31478"},"modified":"2025-10-20T07:49:08","modified_gmt":"2025-10-20T05:49:08","slug":"fondue-mit-stil-kuhn-rikon-bringt-schweizer-genusskultur-neu-auf-den-tisch","status":"publish","type":"post","link":"https:\/\/www.tuttiisensi.de\/?p=31478","title":{"rendered":"Fondue mit Stil \u2013 Kuhn Rikon bringt Schweizer Genusskultur neu auf den Tisch"},"content":{"rendered":"\n<p>Wenn drau\u00dfen der Winter Einzug h\u00e4lt, beginnt die gem\u00fctlichste Zeit des Jahres \u2013 und damit auch die Saison f\u00fcr Fondueabende. Die Schweizer Traditionsmarke Kuhn Rikon pr\u00e4sentiert in diesem Jahr eine Kollektion, die Handwerkskunst, Design und Geselligkeit vereint. Mit neuen Serien wie MURMELI, TRICHEL und CHALET feiert das Unternehmen das Fondue als kulturelles Ritual und modernes Lifestyle-Erlebnis zugleich. Ob rustikal, elegant oder verspielt \u2013 jedes Set steht f\u00fcr Schweizer Qualit\u00e4t und Liebe zum Detail. Erg\u00e4nzt durch neue Gusseisen- und Zubeh\u00f6rlinien zeigt Kuhn Rikon, dass Fondue weit mehr ist als ein Gericht \u2013 es ist ein St\u00fcck Lebensfreude.<\/p>\n\n\n\n<figure class=\"wp-block-image size-large\"><a href=\"https:\/\/www.tuttiisensi.de\/wp-content\/uploads\/2025\/10\/IMG_1377.jpeg\"><img loading=\"lazy\" decoding=\"async\" width=\"1024\" height=\"503\" src=\"https:\/\/www.tuttiisensi.de\/wp-content\/uploads\/2025\/10\/IMG_1377-1024x503.jpeg\" alt=\"\" class=\"wp-image-31480\" srcset=\"https:\/\/www.tuttiisensi.de\/wp-content\/uploads\/2025\/10\/IMG_1377-1024x503.jpeg 1024w, https:\/\/www.tuttiisensi.de\/wp-content\/uploads\/2025\/10\/IMG_1377-300x147.jpeg 300w, https:\/\/www.tuttiisensi.de\/wp-content\/uploads\/2025\/10\/IMG_1377-768x377.jpeg 768w, https:\/\/www.tuttiisensi.de\/wp-content\/uploads\/2025\/10\/IMG_1377-1320x648.jpeg 1320w, https:\/\/www.tuttiisensi.de\/wp-content\/uploads\/2025\/10\/IMG_1377.jpeg 1375w\" sizes=\"auto, (max-width: 1024px) 100vw, 1024px\" \/><\/a><figcaption class=\"wp-element-caption\">ALPWEIDE Brotsack (UVP: 24,90 Euro), Holz-Schneidebrett (UVP: 19,90 Euro), Messer (UVP: 12,90 Euro), Teller (UVP: 12,90 Euro), Mini-Caquelon (UVP: 69,00 Euro ) &#8211; Quelle: Kuhn Rikon<\/figcaption><\/figure>\n\n\n\n<p>\u201eFondue ist f\u00fcr uns ein St\u00fcck gelebte Kultur\u201c, sagt Tobias Gerfin, CEO von Kuhn Rikon. \u201eUnsere neuen Produkte sollen dieses Ritual feiern und zugleich zeitgem\u00e4\u00df interpretieren \u2013 mit Qualit\u00e4t, Handwerk und Liebe zum Detail.\u201c<\/p>\n\n\n\n<p><strong>Drei Designs \u2013 ein Gef\u00fchl: Zuhause in der Schweiz<\/strong><\/p>\n\n\n\n<p>Die neuen Keramik-Caquelons MURMELI, TRICHEL und CHALET stehen f\u00fcr unterschiedliche Facetten der Schweiz \u2013 von verspielt bis festlich. MURMELI zeigt handillustrierte Murmeltiere und bringt alpine Lebensfreude auf den Tisch. TRICHEL, eine auf 300 St\u00fcck limitierte Edition, kombiniert traditionelle Kuhglocken-Motive mit feinen Goldakzenten. CHALET wiederum vermittelt mit charmanten Illustrationen ein Gef\u00fchl von Bergromantik und Gem\u00fctlichkeit. Gefertigt werden alle Modelle in der Rheinfelder Keramikmanufaktur \u2013 echte Handarbeit \u201eSwiss Made\u201c.<\/p>\n\n\n\n<p><strong>Innovation in Gusseisen<\/strong><\/p>\n\n\n\n<p>Mit dem GLACIER-Set vereint Kuhn Rikon K\u00e4se- und Fleischfondue in einem Ensemble aus massivem, schwarz-mattem Gusseisen. Das Material sorgt f\u00fcr gleichm\u00e4\u00dfige W\u00e4rme und lange Speicherung \u2013 ideal f\u00fcr gesellige Runden. Zum Set geh\u00f6ren Rechaud, Caquelon, Gabeleinsatz, Gabeln und Holzuntersetzer.<\/p>\n\n\n\n<p>Auch das ALPSTEIN-Set kombiniert robustes Gusseisen mit warmem Eichenholz und modernem Industrial-Look. Designt in der Schweiz, bietet es zeitlose Eleganz und Funktionalit\u00e4t f\u00fcr die moderne K\u00fcche.<\/p>\n\n\n\n<p><strong>Erweiterte Linie und neue Accessoires<\/strong><\/p>\n\n\n\n<p>Unter dem Namen ALPWEIDE erweitert Kuhn Rikon seine Serie um Brotsack, Schneidebrett, Messer und Teller im passenden Design \u2013 f\u00fcr ein harmonisches Gesamtbild auf dem Tisch. Neu ist au\u00dferdem ein Mini-Caquelon f\u00fcr kleinere Portionen oder gem\u00fctliche Abende zu zweit.<\/p>\n\n\n\n<p><strong>Klassiker mit Charme<\/strong><\/p>\n\n\n\n<p>Auch f\u00fcr kleinere Budgets bietet Kuhn Rikon stilvolle L\u00f6sungen: Die Keramikmodelle APPENZELL, GONDEL und ROUGEMONT vereinen schlichte Eleganz mit alpinem Flair. Damit bleibt Fondue f\u00fcr jeden erschwinglich \u2013 ohne Abstriche bei Qualit\u00e4t und Stil.<\/p>\n\n\n\n<p><strong>Ein St\u00fcck Schweizer Geschichte<\/strong><\/p>\n\n\n\n<p>Neben den Produktneuheiten engagiert sich Kuhn Rikon auch kulturell: Als Sponsor des Kinofilms \u201eHallo Betty\u201c unterst\u00fctzt das Unternehmen die Hommage an die Schweizer Kochikone Betty Bossi \u2013 ein weiterer Ausdruck seiner Verbundenheit mit der nationalen Kochkultur.<\/p>\n\n\n\n<p>Seit 1926 steht Kuhn Rikon f\u00fcr innovative K\u00fcchenprodukte \u201eMade in Switzerland\u201c. Mit der \u00dcbernahme der deutschen Firma St\u00e4dter im Jahr 2025 erweitert das Unternehmen sein Sortiment im Bereich Backzubeh\u00f6r und st\u00e4rkt seine Pr\u00e4senz in Deutschland.<\/p>\n\n\n\n<p>Weitere Informationen und Verkaufsstellen unter: <a href=\"https:\/\/www.kuhnrikon.com\/de\">www.kuhnrikon.com\/de<\/a><\/p>\n","protected":false},"excerpt":{"rendered":"<p>Wenn drau\u00dfen der Winter Einzug h\u00e4lt, beginnt die gem\u00fctlichste Zeit des Jahres \u2013 und damit auch die Saison f\u00fcr Fondueabende. Die Schweizer Traditionsmarke Kuhn Rikon pr\u00e4sentiert in diesem Jahr eine Kollektion, die Handwerkskunst, Design und Geselligkeit vereint. Mit neuen Serien wie MURMELI, TRICHEL und CHALET feiert das Unternehmen das Fondue als kulturelles Ritual und modernes Lifestyle-Erlebnis zugleich. Ob rustikal, elegant oder verspielt \u2013 jedes Set steht f\u00fcr Schweizer Qualit\u00e4t und Liebe zum Detail. Erg\u00e4nzt durch neue Gusseisen- und Zubeh\u00f6rlinien zeigt Kuhn Rikon, dass Fondue weit mehr ist als ein Gericht \u2013 es ist ein St\u00fcck Lebensfreude.<\/p>\n","protected":false},"author":2078,"featured_media":31480,"comment_status":"closed","ping_status":"closed","sticky":false,"template":"","format":"standard","meta":{"colormag_page_container_layout":"default_layout","colormag_page_sidebar_layout":"default_layout","_jetpack_memberships_contains_paid_content":false,"footnotes":""},"categories":[4497],"tags":[19249,19251,18082,19250,19172],"class_list":["post-31478","post","type-post","status-publish","format-standard","has-post-thumbnail","hentry","category-produkt","tag-fonduegenuss","tag-geselligkeit","tag-kuhnrikonqualitaet","tag-swissdesighn","tag-winterkueche"],"jetpack_featured_media_url":"https:\/\/www.tuttiisensi.de\/wp-content\/uploads\/2025\/10\/IMG_1377.jpeg","jetpack_sharing_enabled":true,"_links":{"self":[{"href":"https:\/\/www.tuttiisensi.de\/index.php?rest_route=\/wp\/v2\/posts\/31478","targetHints":{"allow":["GET"]}}],"collection":[{"href":"https:\/\/www.tuttiisensi.de\/index.php?rest_route=\/wp\/v2\/posts"}],"about":[{"href":"https:\/\/www.tuttiisensi.de\/index.php?rest_route=\/wp\/v2\/types\/post"}],"author":[{"embeddable":true,"href":"https:\/\/www.tuttiisensi.de\/index.php?rest_route=\/wp\/v2\/users\/2078"}],"replies":[{"embeddable":true,"href":"https:\/\/www.tuttiisensi.de\/index.php?rest_route=%2Fwp%2Fv2%2Fcomments&post=31478"}],"version-history":[{"count":2,"href":"https:\/\/www.tuttiisensi.de\/index.php?rest_route=\/wp\/v2\/posts\/31478\/revisions"}],"predecessor-version":[{"id":31482,"href":"https:\/\/www.tuttiisensi.de\/index.php?rest_route=\/wp\/v2\/posts\/31478\/revisions\/31482"}],"wp:featuredmedia":[{"embeddable":true,"href":"https:\/\/www.tuttiisensi.de\/index.php?rest_route=\/wp\/v2\/media\/31480"}],"wp:attachment":[{"href":"https:\/\/www.tuttiisensi.de\/index.php?rest_route=%2Fwp%2Fv2%2Fmedia&parent=31478"}],"wp:term":[{"taxonomy":"category","embeddable":true,"href":"https:\/\/www.tuttiisensi.de\/index.php?rest_route=%2Fwp%2Fv2%2Fcategories&post=31478"},{"taxonomy":"post_tag","embeddable":true,"href":"https:\/\/www.tuttiisensi.de\/index.php?rest_route=%2Fwp%2Fv2%2Ftags&post=31478"}],"curies":[{"name":"wp","href":"https:\/\/api.w.org\/{rel}","templated":true}]}}