{"id":30647,"date":"2025-05-23T10:21:45","date_gmt":"2025-05-23T08:21:45","guid":{"rendered":"https:\/\/www.tuttiisensi.de\/?p=30647"},"modified":"2025-05-19T10:28:15","modified_gmt":"2025-05-19T08:28:15","slug":"neueroeffnung-im-frankfurter-westend-rausch-startet-mit-erfahrenem-duo","status":"publish","type":"post","link":"https:\/\/www.tuttiisensi.de\/?p=30647","title":{"rendered":"Neuer\u00f6ffnung im Frankfurter Westend: \u201eRausch\u201c startet mit erfahrenem Duo"},"content":{"rendered":"\n<p>Frankfurts Gastronomieszene erh\u00e4lt Zuwachs: Mit dem neuen Restaurant <strong>\u201eRausch\u201c<\/strong> bringen Jochim Busch und Philipp G\u00fcnther ab Mitte Juni frischen Wind ins Westend. Die beiden Gastronomen verbinden langj\u00e4hrige Erfahrung mit einem klaren Konzept. Jochim Busch war zuvor K\u00fcchenchef im Gustav (zwei Michelin-Sterne), Philipp G\u00fcnther bringt umfassende Expertise als Gastgeber mit. Gemeinsam setzen sie auf eine moderne K\u00fcche, hochwertige Produkte und ein durchdachtes Raumkonzept. Das \u201eRausch\u201c richtet sich an G\u00e4ste, die Wert auf Qualit\u00e4t, Atmosph\u00e4re und pers\u00f6nliche Betreuung legen.<\/p>\n\n\n\n<figure class=\"wp-block-image size-large\"><a href=\"https:\/\/www.tuttiisensi.de\/wp-content\/uploads\/2025\/05\/BuschRest_FFM_Jochim-Busch-und-Philipp-Guenther.webp\"><img loading=\"lazy\" decoding=\"async\" width=\"1024\" height=\"683\" src=\"https:\/\/www.tuttiisensi.de\/wp-content\/uploads\/2025\/05\/BuschRest_FFM_Jochim-Busch-und-Philipp-Guenther-1024x683.webp\" alt=\"\" class=\"wp-image-30649\" srcset=\"https:\/\/www.tuttiisensi.de\/wp-content\/uploads\/2025\/05\/BuschRest_FFM_Jochim-Busch-und-Philipp-Guenther-1024x683.webp 1024w, https:\/\/www.tuttiisensi.de\/wp-content\/uploads\/2025\/05\/BuschRest_FFM_Jochim-Busch-und-Philipp-Guenther-300x200.webp 300w, https:\/\/www.tuttiisensi.de\/wp-content\/uploads\/2025\/05\/BuschRest_FFM_Jochim-Busch-und-Philipp-Guenther-768x512.webp 768w, https:\/\/www.tuttiisensi.de\/wp-content\/uploads\/2025\/05\/BuschRest_FFM_Jochim-Busch-und-Philipp-Guenther.webp 1200w\" sizes=\"auto, (max-width: 1024px) 100vw, 1024px\" \/><\/a><figcaption class=\"wp-element-caption\">Jochim Busch und Philipp G\u00fcnther von Restaurant Busch in Frankfurt &#8211; Quelle: Restaurant Busch<\/figcaption><\/figure>\n\n\n\n<p>Mit dem Restaurant <strong>\u201eRausch\u201c<\/strong> er\u00f6ffnen Jochim Busch und Philipp G\u00fcnther Mitte Juni 2025 ein neues gastronomisches Konzept im Frankfurter Westend. Die beiden Gastronomen bringen langj\u00e4hrige Erfahrung aus Spitzenh\u00e4usern mit \u2013 darunter das Restaurant Gustav, das unter Buschs Leitung mit zwei Michelin-Sternen ausgezeichnet wurde.<\/p>\n\n\n\n<p><strong>Standort und Raumgestaltung<\/strong><br>Das \u201eRausch\u201c befindet sich am Reuterweg 57, einer bekannten Adresse in Frankfurt. Die R\u00e4umlichkeiten wurden umfassend umgestaltet. Der Zugang erfolgt k\u00fcnftig \u00fcber eine Terrasse, die in den Sommermonaten mit Lounge-M\u00f6beln ausgestattet ist. G\u00e4ste betreten das Restaurant durch die offene K\u00fcche, die als zentrales Element konzipiert ist. Drei miteinander verbundene R\u00e4ume bieten Platz f\u00fcr insgesamt 30 G\u00e4ste; ein separates S\u00e9par\u00e9e eignet sich f\u00fcr Gruppen bis zu 12 Personen. Das Farb- und Einrichtungskonzept setzt auf warme T\u00f6ne, nat\u00fcrliche Materialien sowie M\u00f6bel und Lichtl\u00f6sungen skandinavischer Hersteller.<\/p>\n\n\n\n<p><strong>K\u00fcche und Konzept<\/strong><br>Das kulinarische Angebot konzentriert sich auf eine moderne Interpretation regionaler und saisonaler Produkte \u2013 jedoch ohne dogmatische Einschr\u00e4nkungen. Die Speisekarte bietet sowohl Men\u00fcs als auch \u00c0-la-carte-Gerichte. Klassiker aus Buschs K\u00fcche, etwa gebeizter Saibling oder dehydrierte Rote Bete, finden sich ebenso wie neue Kreationen. Einige Gerichte, etwa das Perlhuhn in zwei G\u00e4ngen, sind f\u00fcr zwei Personen konzipiert. Die Weinkarte umfasst aktuell rund 500 Positionen mit Schwerpunkt auf europ\u00e4ische Weine.<\/p>\n\n\n\n<p><strong>Betriebszeiten und Perspektiven<\/strong><br>Das Restaurant ist dienstags bis donnerstags ab 18:30 Uhr ge\u00f6ffnet, freitags zus\u00e4tzlich von 12 bis 14 Uhr sowie ab 19 Uhr. An Wochenenden bleibt das \u201eRausch\u201c vorerst geschlossen. Langfristig sind samstags exklusive Veranstaltungen und geschlossene Gesellschaften geplant.<\/p>\n\n\n\n<p>Weitere Informationen werden zeitnah auf der Website <a class=\"\" href=\"http:\/\/www.rauschrauschrausch.com\">www.rauschrauschrausch.com<\/a> verf\u00fcgbar sein.<\/p>\n\n\n\n<hr class=\"wp-block-separator has-alpha-channel-opacity\"\/>\n\n\n\n<p><\/p>\n","protected":false},"excerpt":{"rendered":"<p>Frankfurts Gastronomieszene erh\u00e4lt Zuwachs: Mit dem neuen Restaurant \u201eRausch\u201c bringen Jochim Busch und Philipp G\u00fcnther ab Mitte Juni frischen Wind ins Westend. Die beiden Gastronomen verbinden langj\u00e4hrige Erfahrung mit einem klaren Konzept. Jochim Busch war zuvor K\u00fcchenchef im Gustav (zwei Michelin-Sterne), Philipp G\u00fcnther bringt umfassende Expertise als Gastgeber mit. Gemeinsam setzen sie auf eine moderne K\u00fcche, hochwertige Produkte und ein durchdachtes Raumkonzept. Das \u201eRausch\u201c richtet sich an G\u00e4ste, die Wert auf Qualit\u00e4t, Atmosph\u00e4re und pers\u00f6nliche Betreuung legen.<\/p>\n","protected":false},"author":1,"featured_media":30649,"comment_status":"closed","ping_status":"closed","sticky":false,"template":"","format":"standard","meta":{"colormag_page_container_layout":"default_layout","colormag_page_sidebar_layout":"default_layout","_jetpack_memberships_contains_paid_content":false,"footnotes":""},"categories":[17],"tags":[18506,18504,18508,18505],"class_list":["post-30647","post","type-post","status-publish","format-standard","has-post-thumbnail","hentry","category-unterwegs","tag-feinekueche","tag-gastronomiefrankfurt","tag-regionalekueche","tag-restauranteroeffnung"],"jetpack_featured_media_url":"https:\/\/www.tuttiisensi.de\/wp-content\/uploads\/2025\/05\/BuschRest_FFM_Jochim-Busch-und-Philipp-Guenther.webp","jetpack_sharing_enabled":true,"_links":{"self":[{"href":"https:\/\/www.tuttiisensi.de\/index.php?rest_route=\/wp\/v2\/posts\/30647","targetHints":{"allow":["GET"]}}],"collection":[{"href":"https:\/\/www.tuttiisensi.de\/index.php?rest_route=\/wp\/v2\/posts"}],"about":[{"href":"https:\/\/www.tuttiisensi.de\/index.php?rest_route=\/wp\/v2\/types\/post"}],"author":[{"embeddable":true,"href":"https:\/\/www.tuttiisensi.de\/index.php?rest_route=\/wp\/v2\/users\/1"}],"replies":[{"embeddable":true,"href":"https:\/\/www.tuttiisensi.de\/index.php?rest_route=%2Fwp%2Fv2%2Fcomments&post=30647"}],"version-history":[{"count":1,"href":"https:\/\/www.tuttiisensi.de\/index.php?rest_route=\/wp\/v2\/posts\/30647\/revisions"}],"predecessor-version":[{"id":30650,"href":"https:\/\/www.tuttiisensi.de\/index.php?rest_route=\/wp\/v2\/posts\/30647\/revisions\/30650"}],"wp:featuredmedia":[{"embeddable":true,"href":"https:\/\/www.tuttiisensi.de\/index.php?rest_route=\/wp\/v2\/media\/30649"}],"wp:attachment":[{"href":"https:\/\/www.tuttiisensi.de\/index.php?rest_route=%2Fwp%2Fv2%2Fmedia&parent=30647"}],"wp:term":[{"taxonomy":"category","embeddable":true,"href":"https:\/\/www.tuttiisensi.de\/index.php?rest_route=%2Fwp%2Fv2%2Fcategories&post=30647"},{"taxonomy":"post_tag","embeddable":true,"href":"https:\/\/www.tuttiisensi.de\/index.php?rest_route=%2Fwp%2Fv2%2Ftags&post=30647"}],"curies":[{"name":"wp","href":"https:\/\/api.w.org\/{rel}","templated":true}]}}