{"id":28565,"date":"2024-08-05T11:05:08","date_gmt":"2024-08-05T09:05:08","guid":{"rendered":"https:\/\/www.tuttiisensi.de\/?p=28565"},"modified":"2024-08-05T11:05:12","modified_gmt":"2024-08-05T09:05:12","slug":"deutschland-summt","status":"publish","type":"post","link":"https:\/\/www.tuttiisensi.de\/?p=28565","title":{"rendered":"Deutschland summt"},"content":{"rendered":"\n<p>Der j\u00e4hrliche <em><strong>Deutschland summt!<\/strong><\/em><strong>-Pflanzwettbewerb <\/strong>endete Ende Juli. Schon das neunte Mal rief die Stiftung f\u00fcr Mensch und Umwelt zu diesem Wettbewerb auf.  Nicht nur private G\u00e4rtnerInnen haben sich beteiligt, sondern auch viele Schulen, Kitas, Firmen und Vereine. Insgesamt wurde eine Fl\u00e4che von neununddrei\u00dfig Fu\u00dfballfeldern eingereicht. Im September werden in Berlin die GewinnerInnen gek\u00fcrt.<\/p>\n\n\n\n<figure class=\"wp-block-image size-large\"><a href=\"https:\/\/www.tuttiisensi.de\/wp-content\/uploads\/2024\/08\/Ehemaliger-Gewinnergarten-\u00a9-Mein-wildes-Wiesen.webp\"><img loading=\"lazy\" decoding=\"async\" width=\"1024\" height=\"768\" src=\"https:\/\/www.tuttiisensi.de\/wp-content\/uploads\/2024\/08\/Ehemaliger-Gewinnergarten-\u00a9-Mein-wildes-Wiesen-1024x768.webp\" alt=\"\" class=\"wp-image-28567\" srcset=\"https:\/\/www.tuttiisensi.de\/wp-content\/uploads\/2024\/08\/Ehemaliger-Gewinnergarten-\u00a9-Mein-wildes-Wiesen-1024x768.webp 1024w, https:\/\/www.tuttiisensi.de\/wp-content\/uploads\/2024\/08\/Ehemaliger-Gewinnergarten-\u00a9-Mein-wildes-Wiesen-300x225.webp 300w, https:\/\/www.tuttiisensi.de\/wp-content\/uploads\/2024\/08\/Ehemaliger-Gewinnergarten-\u00a9-Mein-wildes-Wiesen-768x576.webp 768w, https:\/\/www.tuttiisensi.de\/wp-content\/uploads\/2024\/08\/Ehemaliger-Gewinnergarten-\u00a9-Mein-wildes-Wiesen.webp 1200w\" sizes=\"auto, (max-width: 1024px) 100vw, 1024px\" \/><\/a><figcaption class=\"wp-element-caption\">Ehemaliger Gewinnergarten \u00a9 Mein wildes Wiesen<\/figcaption><\/figure>\n\n\n\n<p>Der <em>Deutschland summt!<\/em>-Pflanzwettbewerb fand zum neunten Mal in Folge statt. Die flei\u00dfigsten Teilnehmer\u00adinnen und Teilnehmer waren auch in diesem Jahr die Schul- und Jugendclubg\u00e4rten mit 94 Beitr\u00e4gen. Es folgen Kita-G\u00e4rten (72 Beitr\u00e4ge) sowie Privatg\u00e4rten klein (45 Beitr\u00e4ge). Sie alle pr\u00e4sentieren sich auf der Website: <a href=\"http:\/\/www.wettbewerb.wir-tun-was-fuer-bienen.de\" target=\"_blank\" rel=\"noreferrer noopener\">www.wettbewerb.wir-tun-was-fuer-bienen.de<\/a><\/p>\n\n\n\n<p>Damit der Funke der Begeisterung weitergetragen wird, sollten alle Projektbeteiligen neben ihrer Pflanzaktion auch Infoarbeit vor Ort leisten. Ob Social-Media-Post, Garten\u00adf\u00fchrung oder Pressemitteilung: Die Teilnehmerinnen und Teilnehmer konnten ihrer Kreativit\u00e4t freien Lauf lassen. Sinn und Zweck der Kommunikation ist, das Wissen \u00fcber naturnahes G\u00e4rtnern zu vermehren und damit die biologische Vielfalt zu f\u00f6rdern.<\/p>\n\n\n\n<p><em>\u201eObwohl die Beteiligung in diesem Jahr insgesamt etwas geringer ausgefallen ist, als im vergangenen Jahr, freut mich eines besonders: Die Firmeng\u00e4rten haben prozentual um circa 41 Prozent zugenommen. Eine tolle Entwicklung, die wir in den n\u00e4chsten Jahren hoffentlich noch h\u00e4ufiger sehen! Das ist ein guter Schritt in Richtung nachhaltige Unternehmensf\u00fchrung\u201c<\/em>, freut sich Julia Sander, Leiterin des <em>Deutschland summt!<\/em>-Pflanzwettbewerbs.<\/p>\n\n\n\n<p><strong>Jury ermittelt nun Gewinnerinnen und Gewinner<\/strong><br>In den kommenden Wochen sichten Expertinnen und Experten aus der Naturgartenszene sowie ehemalige Gewinnerinnen und Gewinner die Beitr\u00e4ge und ermitteln die Preis\u00adtr\u00e4gerinnen und Preistr\u00e4ger. Bewertet werden u. a. verwendete heimische Bl\u00fchpflanzen und geschaffene Strukturen: Sind im Garten Beete mit Wildpflanzen vorhanden? Gibt es Trockenmauern, Totholzhaufen, kleine Wasserstellen f\u00fcr durstige Insekten? Auf diese Aspekte legt die Jury Wert, ebenso auf die Au\u00dfenwirkung der Aktionen. Die Gewinner\u00adinnen und Gewinner stehen im September fest. Am 21. September veranstaltet die Stiftung f\u00fcr Mensch und Umwelt ihre Pr\u00e4mierungsfeier in den G\u00e4rten der Welt, Berlin.<\/p>\n\n\n\n<p><strong>Hintergrund<\/strong><br>Laut Bundesamt f\u00fcr Naturschutz (BfN) sind in Deutschland \u00fcber ein Viertel der Insekten\u00adarten in ihrem Bestand gef\u00e4hrdet. Bei den Wildbienen gelten 45 % der \u00fcber 600 bei uns heimischen Arten als bedroht. Die Ursachen f\u00fcr den R\u00fcckgang und die Gef\u00e4hrdung der Insekten liegen in der Zerst\u00f6rung ihrer Nistpl\u00e4tze und in der Vernichtung oder Vermin\u00adderung ihrer Nahrung. Wildbienen und andere Insekten spielen eine wichtige Rolle im \u00d6kosystem. Nimmt ihr Bestand ab, hat dies auch Folgen f\u00fcr viele andere Tiere und Pflanzen, die von ihnen abh\u00e4ngig sind \u2013 und letztendlich auch f\u00fcr uns selbst.<\/p>\n\n\n\n<p><strong>\u00dcber die Stiftung f\u00fcr Mensch und Umwelt<\/strong><br>Die Stiftung f\u00fcr Mensch und Umwelt mit Sitz in Berlin ist gemeinn\u00fctzig und bundesweit t\u00e4tig. Sie realisiert eigene Projekte. Mit ihrer Initiative <em>Deutschland summt!<\/em> lenkt die Stiftung seit 2010 die Aufmerksamkeit auf M\u00f6glichkeiten, dem Insektensterben ent\u00adgegenzutreten. Es entstand ein Netzwerk aus \u00fcber 30 Gemeinden, Kommunen und Landkreisen, das sich vor Ort f\u00fcr mehr biologische Vielfalt einsetzt. Dar\u00fcber hinaus hat sich die Stiftung f\u00fcr Mensch und Umwelt mit ihrem Naturgarten-Team einen Namen in der naturnahen Planung und Gestaltung von naturnahem Gr\u00fcn gemacht.<\/p>\n\n\n\n<p>Mehr \u00fcber die Stiftung unter: <a href=\"http:\/\/www.stiftung-mensch-umwelt.de\" target=\"_blank\" rel=\"noreferrer noopener\">www.stiftung-mensch-umwelt.de<\/a><br>Mehr zum Pflanzwettbewerb 2024 unter: <a href=\"http:\/\/www.wir-tun-was-fuer-bienen.de\" target=\"_blank\" rel=\"noreferrer noopener\">www.wir-tun-was-fuer-bienen.de<\/a><br>Mehr \u00fcber <em>Deutschland summt!<\/em> unter: <a href=\"http:\/\/www.deutschland-summt.de\" target=\"_blank\" rel=\"noreferrer noopener\">www.deutschland-summt.de<\/a><\/p>\n","protected":false},"excerpt":{"rendered":"<p>Der j\u00e4hrliche Deutschland summt!-Pflanzwettbewerb endete Ende Juli. Schon das neunte Mal rief die Stiftung f\u00fcr Mensch und Umwelt zu diesem Wettbewerb auf.  Nicht nur private G\u00e4rtnerInnen haben sich beteiligt, sondern auch viele Schulen, Kitas, Firmen und Vereine. Insgesamt wurde eine Fl\u00e4che von neununddrei\u00dfig Fu\u00dfballfeldern eingereicht. Im September werden in Berlin die GewinnerInnen gek\u00fcrt.<\/p>\n","protected":false},"author":2078,"featured_media":28567,"comment_status":"closed","ping_status":"closed","sticky":false,"template":"","format":"standard","meta":{"colormag_page_container_layout":"default_layout","colormag_page_sidebar_layout":"default_layout","_jetpack_memberships_contains_paid_content":false,"footnotes":""},"categories":[3454],"tags":[15014,15015],"class_list":["post-28565","post","type-post","status-publish","format-standard","has-post-thumbnail","hentry","category-umweltschutz","tag-deutschland-summt","tag-pflanzwettbewerb"],"jetpack_featured_media_url":"https:\/\/www.tuttiisensi.de\/wp-content\/uploads\/2024\/08\/Ehemaliger-Gewinnergarten-\u00a9-Mein-wildes-Wiesen.webp","jetpack_sharing_enabled":true,"_links":{"self":[{"href":"https:\/\/www.tuttiisensi.de\/index.php?rest_route=\/wp\/v2\/posts\/28565","targetHints":{"allow":["GET"]}}],"collection":[{"href":"https:\/\/www.tuttiisensi.de\/index.php?rest_route=\/wp\/v2\/posts"}],"about":[{"href":"https:\/\/www.tuttiisensi.de\/index.php?rest_route=\/wp\/v2\/types\/post"}],"author":[{"embeddable":true,"href":"https:\/\/www.tuttiisensi.de\/index.php?rest_route=\/wp\/v2\/users\/2078"}],"replies":[{"embeddable":true,"href":"https:\/\/www.tuttiisensi.de\/index.php?rest_route=%2Fwp%2Fv2%2Fcomments&post=28565"}],"version-history":[{"count":1,"href":"https:\/\/www.tuttiisensi.de\/index.php?rest_route=\/wp\/v2\/posts\/28565\/revisions"}],"predecessor-version":[{"id":28568,"href":"https:\/\/www.tuttiisensi.de\/index.php?rest_route=\/wp\/v2\/posts\/28565\/revisions\/28568"}],"wp:featuredmedia":[{"embeddable":true,"href":"https:\/\/www.tuttiisensi.de\/index.php?rest_route=\/wp\/v2\/media\/28567"}],"wp:attachment":[{"href":"https:\/\/www.tuttiisensi.de\/index.php?rest_route=%2Fwp%2Fv2%2Fmedia&parent=28565"}],"wp:term":[{"taxonomy":"category","embeddable":true,"href":"https:\/\/www.tuttiisensi.de\/index.php?rest_route=%2Fwp%2Fv2%2Fcategories&post=28565"},{"taxonomy":"post_tag","embeddable":true,"href":"https:\/\/www.tuttiisensi.de\/index.php?rest_route=%2Fwp%2Fv2%2Ftags&post=28565"}],"curies":[{"name":"wp","href":"https:\/\/api.w.org\/{rel}","templated":true}]}}