{"id":27637,"date":"2024-03-05T10:36:43","date_gmt":"2024-03-05T09:36:43","guid":{"rendered":"https:\/\/www.tuttiisensi.de\/?p=27637"},"modified":"2024-03-04T11:47:28","modified_gmt":"2024-03-04T10:47:28","slug":"bessere-tierhaltung","status":"publish","type":"post","link":"https:\/\/www.tuttiisensi.de\/?p=27637","title":{"rendered":"Bessere Tierhaltung"},"content":{"rendered":"\n<p>Bereits zum ersten M\u00e4rz soll das Bundesprogramm zur F\u00f6rderung des Umbaus der Tierhaltung aktiv sein. Dies wurde letzte Woche im Bundesanzeiger ver\u00f6ffentlicht. Nun k\u00f6nnen landwirtschaftliche Betriebe F\u00f6rderung f\u00fcr den Umbau der St\u00e4lle f\u00fcr eine tiergerechtere Haltung beantragen. Die Beantragung ist ab dem ersten April m\u00f6glich.<\/p>\n\n\n\n<figure class=\"wp-block-image size-large\"><a href=\"https:\/\/www.tuttiisensi.de\/wp-content\/uploads\/2023\/12\/JungkueheaufderWeide_FotoCezanenGuettich.jpg\"><img loading=\"lazy\" decoding=\"async\" width=\"1024\" height=\"544\" src=\"https:\/\/www.tuttiisensi.de\/wp-content\/uploads\/2023\/12\/JungkueheaufderWeide_FotoCezanenGuettich-1024x544.jpg\" alt=\"\" class=\"wp-image-26689\" srcset=\"https:\/\/www.tuttiisensi.de\/wp-content\/uploads\/2023\/12\/JungkueheaufderWeide_FotoCezanenGuettich-1024x544.jpg 1024w, https:\/\/www.tuttiisensi.de\/wp-content\/uploads\/2023\/12\/JungkueheaufderWeide_FotoCezanenGuettich-300x159.jpg 300w, https:\/\/www.tuttiisensi.de\/wp-content\/uploads\/2023\/12\/JungkueheaufderWeide_FotoCezanenGuettich-768x408.jpg 768w, https:\/\/www.tuttiisensi.de\/wp-content\/uploads\/2023\/12\/JungkueheaufderWeide_FotoCezanenGuettich.jpg 1270w\" sizes=\"auto, (max-width: 1024px) 100vw, 1024px\" \/><\/a><figcaption class=\"wp-element-caption\">Junge Rinder auf der Weide &#8211; Foto: Tutti i sensi, Denise C\u00e9zanne-G\u00fcttich<\/figcaption><\/figure>\n\n\n\n<p>F\u00fcr den Start des Umbaus der Schweinehaltung steht eine Milliarde Euro \u00fcber den Bundeshaushalt zur Verf\u00fcgung. Ziel des Bundesprogrammes ist es, die Tierhaltung in Deutschland zukunftsfest zu machen. Zukunftsfest hei\u00dft: Eine Tierhaltung, die Landwirtinnen und Landwirten verl\u00e4ssliche und wirtschaftlich tragf\u00e4hige Perspektiven bietet und gleichzeitig tiergerecht und klimaschonend ist.<\/p>\n\n\n\n<p>Dazu erkl\u00e4rt Bundeslandwirtschaftsminister Cem \u00d6zdemir: \u201eEs gibt Politiker, die posten derzeit gern Bilder von N\u00fcrnberger W\u00fcrstchen. Wir k\u00fcmmern uns um die, die das Fleisch daf\u00fcr erzeugen und um die Haltungsbedingungen der Tiere. Daf\u00fcr wollen wir die Tierhaltung zukunftsfest aufstellen und starten daf\u00fcr jetzt mit einem weiteren zentralen Baustein, unserem Bundesprogramm zur F\u00f6rderung des Umbaus der Tierhaltung. Mit diesem Programm unterst\u00fctzen wir Landwirtinnen und Landwirte, die sich auf den Weg zu einer tier- und umweltgerechten Haltung machen. Denn bessere Tierhaltung kostet Geld. Neben Investitionen in den Stallumbau f\u00f6rdern wir auch erstmalig die laufenden Mehrkosten f\u00fcr mehr Tierwohl. Den verl\u00e4sslichen Ausbau der staatlichen F\u00f6rderung laufender Mehrkosten hat auch die Borchert-Kommission gefordert. Es gibt noch einiges mehr zu tun, damit die Tierhaltung krisen- und zukunftsfest wird. Daf\u00fcr setze ich mich mit voller Kraft ein.\u201c<\/p>\n","protected":false},"excerpt":{"rendered":"<p>Bereits zum ersten M\u00e4rz soll das Bundesprogramm zur F\u00f6rderung des Umbaus der Tierhaltung aktiv sein. Dies wurde letzte Woche im Bundesanzeiger ver\u00f6ffentlicht. Nun k\u00f6nnen landwirtschaftliche Betriebe F\u00f6rderung f\u00fcr den Umbau der St\u00e4lle f\u00fcr eine tiergerechtere Haltung beantragen. Die Beantragung ist ab dem ersten April m\u00f6glich.<\/p>\n","protected":false},"author":2078,"featured_media":26689,"comment_status":"closed","ping_status":"closed","sticky":false,"template":"","format":"standard","meta":{"colormag_page_container_layout":"default_layout","colormag_page_sidebar_layout":"default_layout","_jetpack_memberships_contains_paid_content":false,"footnotes":""},"categories":[1738],"tags":[11719,14163,5442],"class_list":["post-27637","post","type-post","status-publish","format-standard","has-post-thumbnail","hentry","category-landwirtschaft","tag-cemoezdemir","tag-tierhaltung","tag-tierwohl"],"jetpack_featured_media_url":"https:\/\/www.tuttiisensi.de\/wp-content\/uploads\/2023\/12\/JungkueheaufderWeide_FotoCezanenGuettich.jpg","jetpack_sharing_enabled":true,"_links":{"self":[{"href":"https:\/\/www.tuttiisensi.de\/index.php?rest_route=\/wp\/v2\/posts\/27637","targetHints":{"allow":["GET"]}}],"collection":[{"href":"https:\/\/www.tuttiisensi.de\/index.php?rest_route=\/wp\/v2\/posts"}],"about":[{"href":"https:\/\/www.tuttiisensi.de\/index.php?rest_route=\/wp\/v2\/types\/post"}],"author":[{"embeddable":true,"href":"https:\/\/www.tuttiisensi.de\/index.php?rest_route=\/wp\/v2\/users\/2078"}],"replies":[{"embeddable":true,"href":"https:\/\/www.tuttiisensi.de\/index.php?rest_route=%2Fwp%2Fv2%2Fcomments&post=27637"}],"version-history":[{"count":2,"href":"https:\/\/www.tuttiisensi.de\/index.php?rest_route=\/wp\/v2\/posts\/27637\/revisions"}],"predecessor-version":[{"id":27667,"href":"https:\/\/www.tuttiisensi.de\/index.php?rest_route=\/wp\/v2\/posts\/27637\/revisions\/27667"}],"wp:featuredmedia":[{"embeddable":true,"href":"https:\/\/www.tuttiisensi.de\/index.php?rest_route=\/wp\/v2\/media\/26689"}],"wp:attachment":[{"href":"https:\/\/www.tuttiisensi.de\/index.php?rest_route=%2Fwp%2Fv2%2Fmedia&parent=27637"}],"wp:term":[{"taxonomy":"category","embeddable":true,"href":"https:\/\/www.tuttiisensi.de\/index.php?rest_route=%2Fwp%2Fv2%2Fcategories&post=27637"},{"taxonomy":"post_tag","embeddable":true,"href":"https:\/\/www.tuttiisensi.de\/index.php?rest_route=%2Fwp%2Fv2%2Ftags&post=27637"}],"curies":[{"name":"wp","href":"https:\/\/api.w.org\/{rel}","templated":true}]}}