{"id":21092,"date":"2021-08-31T08:16:00","date_gmt":"2021-08-31T06:16:00","guid":{"rendered":"https:\/\/www.tuttiisensi.de\/?p=21092"},"modified":"2021-08-27T10:19:20","modified_gmt":"2021-08-27T08:19:20","slug":"bald-gibt-es-den-ersten-federweisser","status":"publish","type":"post","link":"https:\/\/www.tuttiisensi.de\/?p=21092","title":{"rendered":"Bald gibt es den ersten Federwei\u00dfer"},"content":{"rendered":"\n<p>Die Rebsorte Solaris ist besonders fr\u00fch reif und wurde im rheinhessischen L\u00f6rzweiler schon am 23. August geerntet. Mit einem hohen Reifegrad von fast 70\u00b0 Oechsle ist sie bestens f\u00fcr die Herstellung von Federwei\u00dfer geeignet. Das Deutsche Weininstitut berichtet auch vom Lesebeginn in einigen Orten in der Pfalz. Doch liegt in diesem Weinjahr die Reife der Trauben um circa zwei Wochen im Vergleich zum Mittelwert der letzten zehn Jahre zur\u00fcck.<\/p>\n\n\n\n<div class=\"wp-block-image\"><figure class=\"aligncenter size-large\"><a href=\"https:\/\/www.tuttiisensi.de\/wp-content\/uploads\/2021\/08\/Federweisser__1_.jpg\"><img loading=\"lazy\" decoding=\"async\" width=\"1024\" height=\"673\" src=\"https:\/\/www.tuttiisensi.de\/wp-content\/uploads\/2021\/08\/Federweisser__1_-1024x673.jpg\" alt=\"Federwei\u00dfer - Foto: Deutsches Weininstitut\" class=\"wp-image-21097\" srcset=\"https:\/\/www.tuttiisensi.de\/wp-content\/uploads\/2021\/08\/Federweisser__1_-1024x673.jpg 1024w, https:\/\/www.tuttiisensi.de\/wp-content\/uploads\/2021\/08\/Federweisser__1_-300x197.jpg 300w, https:\/\/www.tuttiisensi.de\/wp-content\/uploads\/2021\/08\/Federweisser__1_-768x505.jpg 768w, https:\/\/www.tuttiisensi.de\/wp-content\/uploads\/2021\/08\/Federweisser__1_.jpg 1200w\" sizes=\"auto, (max-width: 1024px) 100vw, 1024px\" \/><\/a><figcaption>Federwei\u00dfer &#8211; Foto: Deutsches Weininstitut<\/figcaption><\/figure><\/div>\n\n\n\n<p><\/p>\n\n\n\n<p><strong>Hauptweinlese nicht vor Mitte September<\/strong><\/p>\n\n\n\n<p>2021 war insgesamt gesehen f\u00fcr die Weinerzeuger bis dato kein einfaches Jahr. Nachdem ein k\u00fchles und feuchtes Fr\u00fchjahr f\u00fcr einen vergleichsweise sp\u00e4ten Austrieb sorgte und anschlie\u00dfend in&nbsp;<a href=\"https:\/\/www.deutscheweine.de\/tourismus\/in-den-anbaugebieten\/baden\/\" target=\"_blank\" rel=\"noreferrer noopener\">Baden<\/a>&nbsp;und&nbsp;<a href=\"https:\/\/www.deutscheweine.de\/tourismus\/in-den-anbaugebieten\/wuerttemberg\/\" target=\"_blank\" rel=\"noreferrer noopener\">W\u00fcrttemberg<\/a>&nbsp;teilweise noch Sp\u00e4tfrostsch\u00e4den mit sich brachte, wuchsen die Reben im Juni so schnell, dass die Winzerinnen und Winzer M\u00fche hatten, mit dem Aufbinden nachzukommen. Erfreulicherweise f\u00fchrte die etwas versp\u00e4tete Rebenbl\u00fcte aber dennoch zu einem vielversprechenden Fruchtansatz.<\/p>\n\n\n\n<!--more-->\n\n\n\n<p>So willkommen wie die ausgiebigen Niederschl\u00e4ge dieses Jahres zum Auff\u00fcllen der Wasserreserven in den Weinbergsb\u00f6den waren, so problematisch waren sie f\u00fcr die Gesunderhaltung der Reben. Denn die au\u00dfergew\u00f6hnlich feuchte<a href=\"https:\/\/www.deutscheweine.de\/wissen\/weinbau-weinbereitung\/klima-witterung\/\" target=\"_blank\" rel=\"noreferrer noopener\">&nbsp;Witterung<\/a>&nbsp;brachte einen enormen Infektionsdruck durch den \u201eFalschen Mehltau\u201c mit sich, der in allen Anbaugebieten auch zu merklichen Sch\u00e4den f\u00fchrte und Ertragseinbu\u00dfen zur Folge haben wird. Hier stellt sich die Situation bundesweit gesehen sehr heterogen dar.<\/p>\n\n\n\n<p><strong>Weinberge an der Ahr trotz Flut \u00fcberwiegend unbesch\u00e4digt<\/strong><\/p>\n\n\n\n<p>An der&nbsp;<a href=\"https:\/\/www.deutscheweine.de\/aktuelles\/hilfe-fuer-die-ahr\/\" target=\"_blank\" rel=\"noreferrer noopener\">Ahr<\/a>&nbsp;zerst\u00f6rten die enormen Wassermassen neben den Betrieben auch rund zehn Prozent der 563 Hektar gro\u00dfen Rebfl\u00e4che des&nbsp;<a href=\"https:\/\/www.deutscheweine.de\/tourismus\/in-den-anbaugebieten\/ahr\/\" target=\"_blank\" rel=\"noreferrer noopener\">Anbaugebiets<\/a>. Dennoch ist man dort zuversichtlich, von den unbesch\u00e4digten Weinbergen &#8211; auch dank der Solidarit\u00e4t aus der Weinbranche &#8211; einen guten Jahrgang 2021 einbringen zu k\u00f6nnen.<\/p>\n\n\n\n<p>Bis die Hauptweinlese in den&nbsp;<a href=\"https:\/\/www.deutscheweine.de\/tourismus\/in-den-anbaugebieten\/\" target=\"_blank\" rel=\"noreferrer noopener\">Weinregionen<\/a>&nbsp;beginnen kann, wird es voraussichtlich noch bis Mitte September und in den&nbsp;<a href=\"https:\/\/www.deutscheweine.de\/wissen\/rebsorten\/weisse-rebsorten\/riesling\/\" target=\"_blank\" rel=\"noreferrer noopener\">Riesling<\/a>&nbsp;dominierten Regionen bis Ende September dauern. In dieser finalen Reifephase ist die Witterung ganz entscheidend f\u00fcr die Jahrgangsqualit\u00e4t. Sie sollte in erster Linie m\u00f6glichst trocken sein und idealerweise in einen sch\u00f6nen Altweibersommer \u00fcbergehen. Dann steht einem qualitativ guten Weinjahrgang 2021 nichts entgegen.<\/p>\n\n\n\n<p><a href=\"https:\/\/www.youtube.com\/watch?v=9-KCfgm-_0Q\" target=\"_blank\" rel=\"noreferrer noopener\">Video: Federwei\u00dfer-Produktion<\/a><\/p>\n\n\n\n<p><a href=\"https:\/\/www.deutscheweine.de\/wissen\/wein-mehr\/federweisser\/\">Themenseite Federwei\u00dfer<\/a><\/p>\n\n\n\n<p><a href=\"https:\/\/shop.deutscheweine.de\/index.php\/homepage-produkte\/rezept-tipps-herbstlich.html\" target=\"_blank\" rel=\"noreferrer noopener\">Zwiebelkuchen-Rezepttipps (Brosch\u00fcre)<\/a><\/p>\n\n\n\n<p><a href=\"https:\/\/www.deutscheweine.de\/wissen\/weinbau-weinbereitung\/\">Themenseite Weinbau und Weinbereitung<\/a><\/p>\n\n\n\n<p>Am 23. August wurden im rheinhessischen L\u00f6rzweiler erste Trauben der fr\u00fch reifenden Sorte Solaris mit einem ansprechenden Reifegrad von knapp <\/p>\n\n\n\n<p> f\u00fcr den Federwei\u00dfer gelesen. Wie das Deutsche Weininstitut (DWI) weiterhin mitteilt, wird auch aus verschiedenen Orten in der Pfalz f\u00fcr diesen Tag vom Lesestart berichtet.<\/p>\n\n\n\n<p>In diesem Jahr liegt die Reifeentwicklung der Trauben gut zwei Wochen hinter dem zehnj\u00e4hrigen Mittel und entspricht eher dem Niveau der 80er Jahre.<\/p>\n\n\n\n<p><strong>Hauptweinlese nicht vor Mitte September<\/strong><\/p>\n\n\n\n<p>2021 war insgesamt gesehen f\u00fcr die Weinerzeuger bis dato kein einfaches Jahr. Nachdem ein k\u00fchles und feuchtes Fr\u00fchjahr f\u00fcr einen vergleichsweise sp\u00e4ten Austrieb sorgte und anschlie\u00dfend in&nbsp;<a href=\"https:\/\/www.deutscheweine.de\/tourismus\/in-den-anbaugebieten\/baden\/\" target=\"_blank\" rel=\"noreferrer noopener\">Baden<\/a>&nbsp;und&nbsp;<a href=\"https:\/\/www.deutscheweine.de\/tourismus\/in-den-anbaugebieten\/wuerttemberg\/\" target=\"_blank\" rel=\"noreferrer noopener\">W\u00fcrttemberg<\/a>&nbsp;teilweise noch Sp\u00e4tfrostsch\u00e4den mit sich brachte, wuchsen die Reben im Juni so schnell, dass die Winzerinnen und Winzer M\u00fche hatten, mit dem Aufbinden nachzukommen. Erfreulicherweise f\u00fchrte die etwas versp\u00e4tete Rebenbl\u00fcte aber dennoch zu einem vielversprechenden Fruchtansatz.<\/p>\n\n\n\n<p>So willkommen wie die ausgiebigen Niederschl\u00e4ge dieses Jahres zum Auff\u00fcllen der Wasserreserven in den Weinbergsb\u00f6den waren, so problematisch waren sie f\u00fcr die Gesunderhaltung der Reben. Denn die au\u00dfergew\u00f6hnlich feuchte<a href=\"https:\/\/www.deutscheweine.de\/wissen\/weinbau-weinbereitung\/klima-witterung\/\" target=\"_blank\" rel=\"noreferrer noopener\">&nbsp;Witterung<\/a>&nbsp;brachte einen enormen Infektionsdruck durch den \u201eFalschen Mehltau\u201c mit sich, der in allen Anbaugebieten auch zu merklichen Sch\u00e4den f\u00fchrte und Ertragseinbu\u00dfen zur Folge haben wird. Hier stellt sich die Situation bundesweit gesehen sehr heterogen dar.<\/p>\n\n\n\n<p><strong>Weinberge an der Ahr trotz Flut \u00fcberwiegend unbesch\u00e4digt<\/strong><\/p>\n\n\n\n<p>An der&nbsp;<a href=\"https:\/\/www.deutscheweine.de\/aktuelles\/hilfe-fuer-die-ahr\/\" target=\"_blank\" rel=\"noreferrer noopener\">Ahr<\/a>&nbsp;zerst\u00f6rten die enormen Wassermassen neben den Betrieben auch rund zehn Prozent der 563 Hektar gro\u00dfen Rebfl\u00e4che des&nbsp;<a href=\"https:\/\/www.deutscheweine.de\/tourismus\/in-den-anbaugebieten\/ahr\/\" target=\"_blank\" rel=\"noreferrer noopener\">Anbaugebiets<\/a>. Dennoch ist man dort zuversichtlich, von den unbesch\u00e4digten Weinbergen &#8211; auch dank der Solidarit\u00e4t aus der Weinbranche &#8211; einen guten Jahrgang 2021 einbringen zu k\u00f6nnen.<\/p>\n\n\n\n<p>Bis die Hauptweinlese in den&nbsp;<a href=\"https:\/\/www.deutscheweine.de\/tourismus\/in-den-anbaugebieten\/\" target=\"_blank\" rel=\"noreferrer noopener\">Weinregionen<\/a>&nbsp;beginnen kann, wird es voraussichtlich noch bis Mitte September und in den&nbsp;<a href=\"https:\/\/www.deutscheweine.de\/wissen\/rebsorten\/weisse-rebsorten\/riesling\/\" target=\"_blank\" rel=\"noreferrer noopener\">Riesling<\/a>&nbsp;dominierten Regionen bis Ende September dauern. In dieser finalen Reifephase ist die Witterung ganz entscheidend f\u00fcr die Jahrgangsqualit\u00e4t. Sie sollte in erster Linie m\u00f6glichst trocken sein und idealerweise in einen sch\u00f6nen Altweibersommer \u00fcbergehen. Dann steht einem qualitativ guten Weinjahrgang 2021 nichts entgegen.<\/p>\n\n\n\n<p><a href=\"https:\/\/www.youtube.com\/watch?v=9-KCfgm-_0Q\" target=\"_blank\" rel=\"noreferrer noopener\">Video: Federwei\u00dfer-Produktion<\/a><\/p>\n\n\n\n<p><a href=\"https:\/\/www.deutscheweine.de\/wissen\/wein-mehr\/federweisser\/\">Themenseite Federwei\u00dfer<\/a><\/p>\n\n\n\n<p><a href=\"https:\/\/shop.deutscheweine.de\/index.php\/homepage-produkte\/rezept-tipps-herbstlich.html\" target=\"_blank\" rel=\"noreferrer noopener\">Zwiebelkuchen-Rezepttipps (Brosch\u00fcre)<\/a><\/p>\n\n\n\n<p><a href=\"https:\/\/www.deutscheweine.de\/wissen\/weinbau-weinbereitung\/\">Themenseite Weinbau und Weinbereitung<\/a><\/p>\n","protected":false},"excerpt":{"rendered":"<p>Die Rebsorte Solaris ist besonders fr\u00fch reif und wurde im rheinhessischen L\u00f6rzweiler schon am 23. August geerntet. Mit einem hohen Reifegrad von fast 70\u00b0 Oechsle ist sie bestens f\u00fcr die Herstellung von Federwei\u00dfer geeignet. Das Deutsche Weininstitut berichtet auch vom Lesebeginn in einigen Orten in der Pfalz. Doch liegt in diesem Weinjahr die Reife der Trauben um circa zwei Wochen im Vergleich zum Mittelwert der letzten zehn Jahre zur\u00fcck.<\/p>\n","protected":false},"author":1,"featured_media":21097,"comment_status":"closed","ping_status":"closed","sticky":false,"template":"","format":"standard","meta":{"colormag_page_container_layout":"default_layout","colormag_page_sidebar_layout":"default_layout","_jetpack_memberships_contains_paid_content":false,"footnotes":""},"categories":[4775],"tags":[3981,4357,10990,8035,6369],"class_list":["post-21092","post","type-post","status-publish","format-standard","has-post-thumbnail","hentry","category-wein","tag-dwi","tag-federweisser","tag-loerzweiler","tag-solaris","tag-tuttiisensi"],"jetpack_featured_media_url":"https:\/\/www.tuttiisensi.de\/wp-content\/uploads\/2021\/08\/Federweisser__1_.jpg","jetpack_sharing_enabled":true,"_links":{"self":[{"href":"https:\/\/www.tuttiisensi.de\/index.php?rest_route=\/wp\/v2\/posts\/21092","targetHints":{"allow":["GET"]}}],"collection":[{"href":"https:\/\/www.tuttiisensi.de\/index.php?rest_route=\/wp\/v2\/posts"}],"about":[{"href":"https:\/\/www.tuttiisensi.de\/index.php?rest_route=\/wp\/v2\/types\/post"}],"author":[{"embeddable":true,"href":"https:\/\/www.tuttiisensi.de\/index.php?rest_route=\/wp\/v2\/users\/1"}],"replies":[{"embeddable":true,"href":"https:\/\/www.tuttiisensi.de\/index.php?rest_route=%2Fwp%2Fv2%2Fcomments&post=21092"}],"version-history":[{"count":4,"href":"https:\/\/www.tuttiisensi.de\/index.php?rest_route=\/wp\/v2\/posts\/21092\/revisions"}],"predecessor-version":[{"id":21098,"href":"https:\/\/www.tuttiisensi.de\/index.php?rest_route=\/wp\/v2\/posts\/21092\/revisions\/21098"}],"wp:featuredmedia":[{"embeddable":true,"href":"https:\/\/www.tuttiisensi.de\/index.php?rest_route=\/wp\/v2\/media\/21097"}],"wp:attachment":[{"href":"https:\/\/www.tuttiisensi.de\/index.php?rest_route=%2Fwp%2Fv2%2Fmedia&parent=21092"}],"wp:term":[{"taxonomy":"category","embeddable":true,"href":"https:\/\/www.tuttiisensi.de\/index.php?rest_route=%2Fwp%2Fv2%2Fcategories&post=21092"},{"taxonomy":"post_tag","embeddable":true,"href":"https:\/\/www.tuttiisensi.de\/index.php?rest_route=%2Fwp%2Fv2%2Ftags&post=21092"}],"curies":[{"name":"wp","href":"https:\/\/api.w.org\/{rel}","templated":true}]}}