{"id":20142,"date":"2021-03-27T07:40:00","date_gmt":"2021-03-27T06:40:00","guid":{"rendered":"https:\/\/www.tuttiisensi.de\/?p=20142"},"modified":"2021-03-29T07:45:49","modified_gmt":"2021-03-29T05:45:49","slug":"fulminate-frucht-gepaart-mit-wuerze-most-wanted-craft-cider-von-joerg-geiger","status":"publish","type":"post","link":"https:\/\/www.tuttiisensi.de\/?p=20142","title":{"rendered":"Fulminate Frucht gepaart mit W\u00fcrze &#8211; Most wanted Craft Cider von J\u00f6rg Geiger"},"content":{"rendered":"\n<p>Die Manufaktur J\u00f6rg Geiger k\u00e4mpft konsequent f\u00fcr die Artenvielfalt auf Streuobstwiesen. F\u00fcr den Cider Most Wanted wird ausschlie\u00dflich Schw\u00e4bisches Wiesen Obst verwendet. Lesen Sie hier unsere Verkostungsnotizen.<\/p>\n\n\n\n<div class=\"wp-block-image\"><figure class=\"aligncenter size-large\"><a href=\"https:\/\/www.tuttiisensi.de\/wp-content\/uploads\/2021\/03\/TuttiTasted_MostWanted_JoergGeiger.jpg\"><img loading=\"lazy\" decoding=\"async\" width=\"1024\" height=\"576\" src=\"https:\/\/www.tuttiisensi.de\/wp-content\/uploads\/2021\/03\/TuttiTasted_MostWanted_JoergGeiger-1024x576.jpg\" alt=\"Most Wanted Cider von J\u00f6rg Geiger - Tutti i sensi Tasted\" class=\"wp-image-20144\" srcset=\"https:\/\/www.tuttiisensi.de\/wp-content\/uploads\/2021\/03\/TuttiTasted_MostWanted_JoergGeiger-1024x576.jpg 1024w, https:\/\/www.tuttiisensi.de\/wp-content\/uploads\/2021\/03\/TuttiTasted_MostWanted_JoergGeiger-300x169.jpg 300w, https:\/\/www.tuttiisensi.de\/wp-content\/uploads\/2021\/03\/TuttiTasted_MostWanted_JoergGeiger-768x432.jpg 768w, https:\/\/www.tuttiisensi.de\/wp-content\/uploads\/2021\/03\/TuttiTasted_MostWanted_JoergGeiger.jpg 1200w\" sizes=\"auto, (max-width: 1024px) 100vw, 1024px\" \/><\/a><figcaption>Most Wanted Cider von J\u00f6rg Geiger &#8211; Tutti i sensi Tasted<\/figcaption><\/figure><\/div>\n\n\n\n<p>Der Most Wanted zeigt sich in einer elegant, trendig schicken Aufmachung. Im Glas sprudelt der Cider sch\u00f6n im Glas und zeigt gr\u00fcngelbe Reflexe.<\/p>\n\n\n\n<p>Fulminante Fruchtnoten vermischt mit Bitteraromen steigen uns entgegen. Sehr w\u00fcrzige Noten assoziieren wir mit griechischen Kalamata-Oliven. Das sch\u00f6n eingebundene s\u00fc\u00dflich blumige Aroma scheint von den Birnen herzur\u00fchren.<\/p>\n\n\n\n<!--more-->\n\n\n\n<p>Im Mund zeigt sich der Most Wanted sch\u00f6n perlig und kribbelt angenehm auf der Zunge. Obwohl der Cidre sehr herb roch, ist er am Gaumen sehr geschmeidig und nicht zu sauer.<\/p>\n\n\n\n<p>Im Abgang kommen die Fruchtaromen nochmal wunderbar zum Vorschein und runden das Geschmackserlebnis perfekt ab.<\/p>\n\n\n\n<p>Dieser Cider ist mit seinen 5 % Alkohol eine gute Alternative zu Wein und kann als Speisenbegleiter auch kr\u00e4ftig gew\u00fcrzten Gerichten standhalten.<\/p>\n\n\n\n<p>Die 0,75 Liter Flasche vom Most Wanted Craft Cider kostet im J\u00f6rg Geiger Shop 5,99 \u20ac.<\/p>\n\n\n\n<p><a href=\"https:\/\/shop.manufaktur-joerg-geiger.de\/mit-alkohol\/craft-cider\/prickelnd\/most-wanted-craft-cider-0-75l\">Hier direkt bestellen.<\/a><\/p>\n","protected":false},"excerpt":{"rendered":"<p>Die Manufaktur J\u00f6rg Geiger k\u00e4mpft k\u00e4mpft f\u00fcr die Artenvielfalt auf Streuobstwiesen. F\u00fcr den Cider Most Wanted wird ausschlie\u00dflich Schw\u00e4bisches Wiesen Obst verwendet. Lesen Sie hier unsere Verkostungsnotizen.<\/p>\n","protected":false},"author":1,"featured_media":20144,"comment_status":"closed","ping_status":"closed","sticky":false,"template":"","format":"standard","meta":{"colormag_page_container_layout":"default_layout","colormag_page_sidebar_layout":"default_layout","_jetpack_memberships_contains_paid_content":false,"footnotes":""},"categories":[4497,611],"tags":[519,9546,10380,10383,10384,6235,10382,6369,10043,2265,10385],"class_list":["post-20142","post","type-post","status-publish","format-standard","has-post-thumbnail","hentry","category-produkt","category-produkttest","tag-apfelwein","tag-cezannepublishing","tag-craftcider","tag-joerggeiger","tag-mostwanted","tag-schwaebisch","tag-streuobswiese","tag-tuttiisensi","tag-tuttitasted","tag-verkostung","tag-wiesenobst"],"jetpack_featured_media_url":"https:\/\/www.tuttiisensi.de\/wp-content\/uploads\/2021\/03\/TuttiTasted_MostWanted_JoergGeiger.jpg","jetpack_sharing_enabled":true,"_links":{"self":[{"href":"https:\/\/www.tuttiisensi.de\/index.php?rest_route=\/wp\/v2\/posts\/20142","targetHints":{"allow":["GET"]}}],"collection":[{"href":"https:\/\/www.tuttiisensi.de\/index.php?rest_route=\/wp\/v2\/posts"}],"about":[{"href":"https:\/\/www.tuttiisensi.de\/index.php?rest_route=\/wp\/v2\/types\/post"}],"author":[{"embeddable":true,"href":"https:\/\/www.tuttiisensi.de\/index.php?rest_route=\/wp\/v2\/users\/1"}],"replies":[{"embeddable":true,"href":"https:\/\/www.tuttiisensi.de\/index.php?rest_route=%2Fwp%2Fv2%2Fcomments&post=20142"}],"version-history":[{"count":2,"href":"https:\/\/www.tuttiisensi.de\/index.php?rest_route=\/wp\/v2\/posts\/20142\/revisions"}],"predecessor-version":[{"id":20154,"href":"https:\/\/www.tuttiisensi.de\/index.php?rest_route=\/wp\/v2\/posts\/20142\/revisions\/20154"}],"wp:featuredmedia":[{"embeddable":true,"href":"https:\/\/www.tuttiisensi.de\/index.php?rest_route=\/wp\/v2\/media\/20144"}],"wp:attachment":[{"href":"https:\/\/www.tuttiisensi.de\/index.php?rest_route=%2Fwp%2Fv2%2Fmedia&parent=20142"}],"wp:term":[{"taxonomy":"category","embeddable":true,"href":"https:\/\/www.tuttiisensi.de\/index.php?rest_route=%2Fwp%2Fv2%2Fcategories&post=20142"},{"taxonomy":"post_tag","embeddable":true,"href":"https:\/\/www.tuttiisensi.de\/index.php?rest_route=%2Fwp%2Fv2%2Ftags&post=20142"}],"curies":[{"name":"wp","href":"https:\/\/api.w.org\/{rel}","templated":true}]}}