{"id":19462,"date":"2020-12-13T10:10:00","date_gmt":"2020-12-13T09:10:00","guid":{"rendered":"https:\/\/www.tuttiisensi.de\/?p=19462"},"modified":"2020-12-14T15:01:29","modified_gmt":"2020-12-14T14:01:29","slug":"saftiger-und-kraeftiger-rioja-ramon-bilbao-gran-riserva-2012","status":"publish","type":"post","link":"https:\/\/www.tuttiisensi.de\/?p=19462","title":{"rendered":"Saftiger und kr\u00e4ftiger Rioja &#8211; El Viaje de Ram\u00f3n Bilbao, Gran Reserva, 2012"},"content":{"rendered":"\n<p>Die Flasche imponiert mit einer Pr\u00e4gung im Glas und das Etikett ziert eine sch\u00f6n stilisierte Zeichnung, welche einen Reisenden auf einer Bank zeigt. Es handelt sich hier um Ram\u00f3n Bilbao, der sehr unternehmungslustig war. Er begann sich f\u00fcr den Weinbau zu interessieren und \u00fcbernahm den kleinen Weinanbau seines Onkels, um diesen aufzubauen. Doch dann kam die Reblaus. Ram\u00f3n baute mit seiner Frau alles wieder auf. Leider verstarb er dann kurz nach der Gr\u00fcndung der Ursprungsbezeichnung La Rioja im Jahre 1926. Nur f\u00fcnf Jahre nach Er\u00f6ffnung seiner eigenen Weinkellerei verstarb Ram\u00f3n Bilbao.<\/p>\n\n\n\n<figure class=\"wp-block-image alignwide size-large\"><img loading=\"lazy\" decoding=\"async\" width=\"1024\" height=\"907\" src=\"https:\/\/www.tuttiisensi.de\/wp-content\/uploads\/2020\/12\/RamonBilbao_Rioja_Tuttiisensi_Tasted-1024x907.jpg\" alt=\"Saftiger und kr\u00e4ftiger Rioja - Ramon Bilbao, Gran Riserva, 2012 - Foto: Tutti i sensi\" class=\"wp-image-19463\" srcset=\"https:\/\/www.tuttiisensi.de\/wp-content\/uploads\/2020\/12\/RamonBilbao_Rioja_Tuttiisensi_Tasted-1024x907.jpg 1024w, https:\/\/www.tuttiisensi.de\/wp-content\/uploads\/2020\/12\/RamonBilbao_Rioja_Tuttiisensi_Tasted-300x266.jpg 300w, https:\/\/www.tuttiisensi.de\/wp-content\/uploads\/2020\/12\/RamonBilbao_Rioja_Tuttiisensi_Tasted-768x680.jpg 768w, https:\/\/www.tuttiisensi.de\/wp-content\/uploads\/2020\/12\/RamonBilbao_Rioja_Tuttiisensi_Tasted.jpg 1200w\" sizes=\"auto, (max-width: 1024px) 100vw, 1024px\" \/><figcaption>Saftiger und kr\u00e4ftiger Rioja &#8211; Ramon Bilbao, Gran Riserva, 2012 &#8211; Foto: Tutti i sensi<\/figcaption><\/figure>\n\n\n\n<p>Nun gut, wenden wir uns doch dem Wein, der dem Gr\u00fcnder gewidmet ist, zu.<\/p>\n\n\n\n<p>In einem dunklen Rubinrot zeigt sich der Wein im Glas. Unsere ersten Eindr\u00fccke sind Aromen von dunklen Beeren, Kirsche und auch Brombeere. Eine leichte Veilchennote legt sich dahinter. Deutlich sind Eukalyptus- und eine Walnuss-Aromen zu vernehmen. Dann folgen schwarzer Pfeffer und eine dezente Mokka-Note. Sp\u00e4ter gesellen sich noch leichte Rauchnoten, die an Schinken erinnern, sowie Zedern- oder Zirbel-Holz.<\/p>\n\n\n\n<!--more-->\n\n\n\n<p>Der Wein zeigt eine starke S\u00e4ure auf der Zunge. Die Sauerkirsche ist pr\u00e4gnant. Im Nachhall bleibt die s\u00fc\u00dfliche Vanille-Holznote h\u00e4ngen. Dieser Rotwein ist mit seinen 14% Alkohol saftig und kr\u00e4ftig. Er passt zu allen deftigen Speisen, Braten, Steak, Brotzeit mit Schinken und Hartk\u00e4se.<\/p>\n\n\n\n<p><a href=\"https:\/\/www.mygourmet24.de\/Weine\/Rotwein\/2012-%7C-El-Viaje-De-Ramon-Gran-Reserva-%7C-Ramon-Bilbao::377926.html?language=de&amp;gclid=EAIaIQobChMIqteW58C57QIVKBoGAB23ZwJjEAQYAyABEgIEg_D_BwE\">Auf My Gourmet 24 ist der Wein aktuell f\u00fcr 16,99 \u20ac zu kaufen.<\/a><\/p>\n","protected":false},"excerpt":{"rendered":"<p>DDie Flasche imponiert mit einer Pr\u00e4gung im Glas und das Etikett ziert eine sch\u00f6n stilisierte Zeichnung, welche einen Reisenden auf einer Bank zeigt. Es handelt sich hier um Ram\u00f3n Bilbao, der sehr unternehmungslustig war. Er begann sich f\u00fcr den Weinbau zu interessieren und \u00fcbernahm den kleinen Weinanbau seines Onkels, um diesen aufzubauen. Doch dann kam die Reblaus. Ram\u00f3n baute mit seiner Frau alles wieder auf. Leider verstarb er dann kurz nach der Gr\u00fcndung der Ursprungsbezeichnung La Rioja im Jahre 1926. Nur f\u00fcnf Jahre nach Er\u00f6ffnung seiner eigenen Weinkellerei verstarb Ram\u00f3n Bilbao.<\/p>\n","protected":false},"author":1,"featured_media":19463,"comment_status":"closed","ping_status":"closed","sticky":false,"template":"","format":"standard","meta":{"colormag_page_container_layout":"default_layout","colormag_page_sidebar_layout":"default_layout","_jetpack_memberships_contains_paid_content":false,"footnotes":""},"categories":[611,4775],"tags":[9859,9860,9814,3712,6369],"class_list":["post-19462","post","type-post","status-publish","format-standard","has-post-thumbnail","hentry","category-produkttest","category-wein","tag-elviajederamonbilbao","tag-granreserva","tag-mygourmet","tag-rioja","tag-tuttiisensi"],"jetpack_featured_media_url":"https:\/\/www.tuttiisensi.de\/wp-content\/uploads\/2020\/12\/RamonBilbao_Rioja_Tuttiisensi_Tasted.jpg","jetpack_sharing_enabled":true,"_links":{"self":[{"href":"https:\/\/www.tuttiisensi.de\/index.php?rest_route=\/wp\/v2\/posts\/19462","targetHints":{"allow":["GET"]}}],"collection":[{"href":"https:\/\/www.tuttiisensi.de\/index.php?rest_route=\/wp\/v2\/posts"}],"about":[{"href":"https:\/\/www.tuttiisensi.de\/index.php?rest_route=\/wp\/v2\/types\/post"}],"author":[{"embeddable":true,"href":"https:\/\/www.tuttiisensi.de\/index.php?rest_route=\/wp\/v2\/users\/1"}],"replies":[{"embeddable":true,"href":"https:\/\/www.tuttiisensi.de\/index.php?rest_route=%2Fwp%2Fv2%2Fcomments&post=19462"}],"version-history":[{"count":3,"href":"https:\/\/www.tuttiisensi.de\/index.php?rest_route=\/wp\/v2\/posts\/19462\/revisions"}],"predecessor-version":[{"id":19511,"href":"https:\/\/www.tuttiisensi.de\/index.php?rest_route=\/wp\/v2\/posts\/19462\/revisions\/19511"}],"wp:featuredmedia":[{"embeddable":true,"href":"https:\/\/www.tuttiisensi.de\/index.php?rest_route=\/wp\/v2\/media\/19463"}],"wp:attachment":[{"href":"https:\/\/www.tuttiisensi.de\/index.php?rest_route=%2Fwp%2Fv2%2Fmedia&parent=19462"}],"wp:term":[{"taxonomy":"category","embeddable":true,"href":"https:\/\/www.tuttiisensi.de\/index.php?rest_route=%2Fwp%2Fv2%2Fcategories&post=19462"},{"taxonomy":"post_tag","embeddable":true,"href":"https:\/\/www.tuttiisensi.de\/index.php?rest_route=%2Fwp%2Fv2%2Ftags&post=19462"}],"curies":[{"name":"wp","href":"https:\/\/api.w.org\/{rel}","templated":true}]}}